{"id":895,"date":"2026-04-14T11:25:15","date_gmt":"2026-04-14T15:25:15","guid":{"rendered":"https:\/\/educacion.udd.cl\/cima\/?p=895"},"modified":"2026-04-14T11:25:15","modified_gmt":"2026-04-14T15:25:15","slug":"investigador-de-cima-udd-presenta-estudio-sobre-la-rotacion-de-directores-escolares-en-aera-2026","status":"publish","type":"post","link":"https:\/\/educacion.udd.cl\/cima\/2026\/04\/14\/investigador-de-cima-udd-presenta-estudio-sobre-la-rotacion-de-directores-escolares-en-aera-2026\/","title":{"rendered":"Investigador de CIMA UDD presenta estudio sobre la rotaci\u00f3n de directores escolares en AERA 2026"},"content":{"rendered":"\n<p><em>Christian Lazcano expuso en el congreso anual de la American Educational Research Association, el encuentro m\u00e1s influyente del mundo en investigaci\u00f3n educativa, realizado en Los \u00c1ngeles entre el 8 y el 12 de abril.<\/em><\/p>\n\n\n\n<p>Miles de investigadores de todo el mundo se reunieron en la ciudad de Los \u00c1ngeles, Estados Unidos, para participar en la versi\u00f3n 2026 del congreso anual de la American Educational Research Association (AERA), considerado uno de los eventos m\u00e1s relevante a nivel global en el \u00e1mbito de la investigaci\u00f3n educativa.<\/p>\n\n\n\n<p>En este importante encuentro acad\u00e9mico particip\u00f3 Christian Lazcano, investigador del Centro de Investigaci\u00f3n para la Mejora de los Aprendizajes (CIMA) de la Facultad de Educaci\u00f3n de la Universidad del Desarrollo, quien present\u00f3 el estudio titulado \u201cWho Stays, Who Leaves? A National Survival Analysis of Chile\u2019s School Principals\u201d.<\/p>\n\n\n\n<p>La investigaci\u00f3n analiza la rotaci\u00f3n de directores escolares en Chile, utilizando datos administrativos a nivel nacional para examinar c\u00f3mo var\u00eda la probabilidad de que los directivos abandonen su cargo a lo largo del tiempo. El estudio identifica que el riesgo de salida es mayor durante los primeros a\u00f1os de ejercicio del cargo, y que esta trayectoria no es uniforme, sino que cambia seg\u00fan distintos factores, como el g\u00e9nero y el tipo de establecimiento en que se desempe\u00f1an los directores.<\/p>\n\n\n\n<figure class=\"wp-block-image size-large\"><img loading=\"lazy\" decoding=\"async\" width=\"1024\" height=\"934\" src=\"https:\/\/educacion.udd.cl\/cima\/files\/2026\/04\/whatsapp-image-2026-04-10-at-14-49-54-1024x934.jpeg\" alt=\"\" class=\"wp-image-896\" srcset=\"https:\/\/educacion.udd.cl\/cima\/files\/2026\/04\/whatsapp-image-2026-04-10-at-14-49-54-1024x934.jpeg 1024w, https:\/\/educacion.udd.cl\/cima\/files\/2026\/04\/whatsapp-image-2026-04-10-at-14-49-54-300x274.jpeg 300w, https:\/\/educacion.udd.cl\/cima\/files\/2026\/04\/whatsapp-image-2026-04-10-at-14-49-54-768x701.jpeg 768w, https:\/\/educacion.udd.cl\/cima\/files\/2026\/04\/whatsapp-image-2026-04-10-at-14-49-54.jpeg 1280w\" sizes=\"auto, (max-width: 1024px) 100vw, 1024px\" \/><\/figure>\n\n\n\n<p>El trabajo busca aportar evidencia para comprender mejor la estabilidad del liderazgo escolar en el sistema educativo chileno, un elemento clave para el desarrollo y la mejora de los aprendizajes en las comunidades educativas.<\/p>\n\n\n\n<p>Christian Lazcano destac\u00f3 la relevancia de presentar investigaci\u00f3n chilena en este espacio internacional. \u201cEste tipo de instancias permite visibilizar datos y problem\u00e1ticas del sistema educativo chileno en una discusi\u00f3n global, adem\u00e1s de dialogar con investigadores de distintos pa\u00edses que trabajan temas similares\u201d, se\u00f1al\u00f3.<\/p>\n\n\n\n<p>Asimismo, agreg\u00f3 que el estudio permite comprender mejor los patrones de permanencia y salida de los directores en el sistema escolar. \u201cEn esta investigaci\u00f3n analizamos c\u00f3mo cambia la probabilidad de dejar el cargo a lo largo del tiempo y c\u00f3mo esa trayectoria var\u00eda seg\u00fan factores como el g\u00e9nero y el tipo de establecimiento. Los resultados muestran que el riesgo de salida es m\u00e1s alto en los primeros a\u00f1os, pero tambi\u00e9n que este patr\u00f3n depende del contexto institucional en el que trabajan los directivos\u201d, concluy\u00f3.<\/p>\n","protected":false},"excerpt":{"rendered":"<p>Christian Lazcano expuso en el congreso anual de la American Educational Research Association, el encuentro m\u00e1s influyente del mundo en investigaci\u00f3n educativa, realizado en Los \u00c1ngeles entre el 8 y el 12 de abril. Miles de investigadores de todo el mundo se reunieron en la ciudad de Los \u00c1ngeles, Estados Unidos, para participar en la [&hellip;]<\/p>\n","protected":false},"author":39,"featured_media":896,"comment_status":"closed","ping_status":"open","sticky":false,"template":"","format":"standard","meta":{"footnotes":""},"categories":[9],"tags":[],"class_list":["post-895","post","type-post","status-publish","format-standard","has-post-thumbnail","hentry","category-noticias"],"yoast_head":"<!-- This site is optimized with the Yoast SEO plugin v26.9 - https:\/\/yoast.com\/product\/yoast-seo-wordpress\/ -->\n<title>Investigador de CIMA UDD presenta estudio sobre la rotaci\u00f3n de directores escolares en AERA 2026 - CIMA<\/title>\n<meta name=\"robots\" content=\"index, follow, max-snippet:-1, max-image-preview:large, max-video-preview:-1\" \/>\n<link rel=\"canonical\" href=\"https:\/\/educacion.udd.cl\/cima\/2026\/04\/14\/investigador-de-cima-udd-presenta-estudio-sobre-la-rotacion-de-directores-escolares-en-aera-2026\/\" \/>\n<meta property=\"og:locale\" content=\"es_ES\" \/>\n<meta property=\"og:type\" content=\"article\" \/>\n<meta property=\"og:title\" content=\"Investigador de CIMA UDD presenta estudio sobre la rotaci\u00f3n de directores escolares en AERA 2026 - CIMA\" \/>\n<meta property=\"og:description\" content=\"Christian Lazcano expuso en el congreso anual de la American Educational Research Association, el encuentro m\u00e1s influyente del mundo en investigaci\u00f3n educativa, realizado en Los \u00c1ngeles entre el 8 y el 12 de abril. Miles de investigadores de todo el mundo se reunieron en la ciudad de Los \u00c1ngeles, Estados Unidos, para participar en la [&hellip;]\" \/>\n<meta property=\"og:url\" content=\"https:\/\/educacion.udd.cl\/cima\/2026\/04\/14\/investigador-de-cima-udd-presenta-estudio-sobre-la-rotacion-de-directores-escolares-en-aera-2026\/\" \/>\n<meta property=\"og:site_name\" content=\"CIMA\" \/>\n<meta property=\"article:published_time\" content=\"2026-04-14T15:25:15+00:00\" \/>\n<meta property=\"og:image\" content=\"http:\/\/educacion.udd.cl\/cima\/files\/2026\/04\/whatsapp-image-2026-04-10-at-14-49-54.jpeg\" \/>\n\t<meta property=\"og:image:width\" content=\"1280\" \/>\n\t<meta property=\"og:image:height\" content=\"1168\" \/>\n\t<meta property=\"og:image:type\" content=\"image\/jpeg\" \/>\n<meta name=\"author\" content=\"claudiagodia\" \/>\n<meta name=\"twitter:card\" content=\"summary_large_image\" \/>\n<meta name=\"twitter:label1\" content=\"Escrito por\" \/>\n\t<meta name=\"twitter:data1\" content=\"claudiagodia\" \/>\n\t<meta name=\"twitter:label2\" content=\"Tiempo de lectura\" \/>\n\t<meta name=\"twitter:data2\" content=\"3 minutos\" \/>\n<script type=\"application\/ld+json\" class=\"yoast-schema-graph\">{\"@context\":\"https:\/\/schema.org\",\"@graph\":[{\"@type\":\"Article\",\"@id\":\"https:\/\/educacion.udd.cl\/cima\/2026\/04\/14\/investigador-de-cima-udd-presenta-estudio-sobre-la-rotacion-de-directores-escolares-en-aera-2026\/#article\",\"isPartOf\":{\"@id\":\"https:\/\/educacion.udd.cl\/cima\/2026\/04\/14\/investigador-de-cima-udd-presenta-estudio-sobre-la-rotacion-de-directores-escolares-en-aera-2026\/\"},\"author\":{\"name\":\"claudiagodia\",\"@id\":\"https:\/\/educacion.udd.cl\/cima\/#\/schema\/person\/3aefcae87945fe9ede94cc7f7cb5c1a7\"},\"headline\":\"Investigador de CIMA UDD presenta estudio sobre la rotaci\u00f3n de directores escolares en AERA 2026\",\"datePublished\":\"2026-04-14T15:25:15+00:00\",\"mainEntityOfPage\":{\"@id\":\"https:\/\/educacion.udd.cl\/cima\/2026\/04\/14\/investigador-de-cima-udd-presenta-estudio-sobre-la-rotacion-de-directores-escolares-en-aera-2026\/\"},\"wordCount\":416,\"image\":{\"@id\":\"https:\/\/educacion.udd.cl\/cima\/2026\/04\/14\/investigador-de-cima-udd-presenta-estudio-sobre-la-rotacion-de-directores-escolares-en-aera-2026\/#primaryimage\"},\"thumbnailUrl\":\"https:\/\/educacion.udd.cl\/cima\/files\/2026\/04\/whatsapp-image-2026-04-10-at-14-49-54.jpeg\",\"articleSection\":[\"noticias\"],\"inLanguage\":\"es\"},{\"@type\":\"WebPage\",\"@id\":\"https:\/\/educacion.udd.cl\/cima\/2026\/04\/14\/investigador-de-cima-udd-presenta-estudio-sobre-la-rotacion-de-directores-escolares-en-aera-2026\/\",\"url\":\"https:\/\/educacion.udd.cl\/cima\/2026\/04\/14\/investigador-de-cima-udd-presenta-estudio-sobre-la-rotacion-de-directores-escolares-en-aera-2026\/\",\"name\":\"Investigador de CIMA UDD presenta estudio sobre la rotaci\u00f3n de directores escolares en AERA 2026 - CIMA\",\"isPartOf\":{\"@id\":\"https:\/\/educacion.udd.cl\/cima\/#website\"},\"primaryImageOfPage\":{\"@id\":\"https:\/\/educacion.udd.cl\/cima\/2026\/04\/14\/investigador-de-cima-udd-presenta-estudio-sobre-la-rotacion-de-directores-escolares-en-aera-2026\/#primaryimage\"},\"image\":{\"@id\":\"https:\/\/educacion.udd.cl\/cima\/2026\/04\/14\/investigador-de-cima-udd-presenta-estudio-sobre-la-rotacion-de-directores-escolares-en-aera-2026\/#primaryimage\"},\"thumbnailUrl\":\"https:\/\/educacion.udd.cl\/cima\/files\/2026\/04\/whatsapp-image-2026-04-10-at-14-49-54.jpeg\",\"datePublished\":\"2026-04-14T15:25:15+00:00\",\"author\":{\"@id\":\"https:\/\/educacion.udd.cl\/cima\/#\/schema\/person\/3aefcae87945fe9ede94cc7f7cb5c1a7\"},\"breadcrumb\":{\"@id\":\"https:\/\/educacion.udd.cl\/cima\/2026\/04\/14\/investigador-de-cima-udd-presenta-estudio-sobre-la-rotacion-de-directores-escolares-en-aera-2026\/#breadcrumb\"},\"inLanguage\":\"es\",\"potentialAction\":[{\"@type\":\"ReadAction\",\"target\":[\"https:\/\/educacion.udd.cl\/cima\/2026\/04\/14\/investigador-de-cima-udd-presenta-estudio-sobre-la-rotacion-de-directores-escolares-en-aera-2026\/\"]}]},{\"@type\":\"ImageObject\",\"inLanguage\":\"es\",\"@id\":\"https:\/\/educacion.udd.cl\/cima\/2026\/04\/14\/investigador-de-cima-udd-presenta-estudio-sobre-la-rotacion-de-directores-escolares-en-aera-2026\/#primaryimage\",\"url\":\"https:\/\/educacion.udd.cl\/cima\/files\/2026\/04\/whatsapp-image-2026-04-10-at-14-49-54.jpeg\",\"contentUrl\":\"https:\/\/educacion.udd.cl\/cima\/files\/2026\/04\/whatsapp-image-2026-04-10-at-14-49-54.jpeg\",\"width\":1280,\"height\":1168},{\"@type\":\"BreadcrumbList\",\"@id\":\"https:\/\/educacion.udd.cl\/cima\/2026\/04\/14\/investigador-de-cima-udd-presenta-estudio-sobre-la-rotacion-de-directores-escolares-en-aera-2026\/#breadcrumb\",\"itemListElement\":[{\"@type\":\"ListItem\",\"position\":1,\"name\":\"Portada\",\"item\":\"https:\/\/educacion.udd.cl\/cima\/\"},{\"@type\":\"ListItem\",\"position\":2,\"name\":\"Investigador de CIMA UDD presenta estudio sobre la rotaci\u00f3n de directores escolares en AERA 2026\"}]},{\"@type\":\"WebSite\",\"@id\":\"https:\/\/educacion.udd.cl\/cima\/#website\",\"url\":\"https:\/\/educacion.udd.cl\/cima\/\",\"name\":\"CIMA\",\"description\":\"\",\"inLanguage\":\"es\"},{\"@type\":\"Person\",\"@id\":\"https:\/\/educacion.udd.cl\/cima\/#\/schema\/person\/3aefcae87945fe9ede94cc7f7cb5c1a7\",\"name\":\"claudiagodia\",\"image\":{\"@type\":\"ImageObject\",\"inLanguage\":\"es\",\"@id\":\"https:\/\/educacion.udd.cl\/cima\/#\/schema\/person\/image\/\",\"url\":\"https:\/\/secure.gravatar.com\/avatar\/c7c585f20c9cd5b1fc8956abfd060f1af449288eb4e630466a5a53a84641a9ca?s=96&d=mm&r=g\",\"contentUrl\":\"https:\/\/secure.gravatar.com\/avatar\/c7c585f20c9cd5b1fc8956abfd060f1af449288eb4e630466a5a53a84641a9ca?s=96&d=mm&r=g\",\"caption\":\"claudiagodia\"},\"url\":\"https:\/\/educacion.udd.cl\/cima\/author\/claudiagodia\/\"}]}<\/script>\n<!-- \/ Yoast SEO plugin. -->","yoast_head_json":{"title":"Investigador de CIMA UDD presenta estudio sobre la rotaci\u00f3n de directores escolares en AERA 2026 - CIMA","robots":{"index":"index","follow":"follow","max-snippet":"max-snippet:-1","max-image-preview":"max-image-preview:large","max-video-preview":"max-video-preview:-1"},"canonical":"https:\/\/educacion.udd.cl\/cima\/2026\/04\/14\/investigador-de-cima-udd-presenta-estudio-sobre-la-rotacion-de-directores-escolares-en-aera-2026\/","og_locale":"es_ES","og_type":"article","og_title":"Investigador de CIMA UDD presenta estudio sobre la rotaci\u00f3n de directores escolares en AERA 2026 - CIMA","og_description":"Christian Lazcano expuso en el congreso anual de la American Educational Research Association, el encuentro m\u00e1s influyente del mundo en investigaci\u00f3n educativa, realizado en Los \u00c1ngeles entre el 8 y el 12 de abril. Miles de investigadores de todo el mundo se reunieron en la ciudad de Los \u00c1ngeles, Estados Unidos, para participar en la [&hellip;]","og_url":"https:\/\/educacion.udd.cl\/cima\/2026\/04\/14\/investigador-de-cima-udd-presenta-estudio-sobre-la-rotacion-de-directores-escolares-en-aera-2026\/","og_site_name":"CIMA","article_published_time":"2026-04-14T15:25:15+00:00","og_image":[{"width":1280,"height":1168,"url":"http:\/\/educacion.udd.cl\/cima\/files\/2026\/04\/whatsapp-image-2026-04-10-at-14-49-54.jpeg","type":"image\/jpeg"}],"author":"claudiagodia","twitter_card":"summary_large_image","twitter_misc":{"Escrito por":"claudiagodia","Tiempo de lectura":"3 minutos"},"schema":{"@context":"https:\/\/schema.org","@graph":[{"@type":"Article","@id":"https:\/\/educacion.udd.cl\/cima\/2026\/04\/14\/investigador-de-cima-udd-presenta-estudio-sobre-la-rotacion-de-directores-escolares-en-aera-2026\/#article","isPartOf":{"@id":"https:\/\/educacion.udd.cl\/cima\/2026\/04\/14\/investigador-de-cima-udd-presenta-estudio-sobre-la-rotacion-de-directores-escolares-en-aera-2026\/"},"author":{"name":"claudiagodia","@id":"https:\/\/educacion.udd.cl\/cima\/#\/schema\/person\/3aefcae87945fe9ede94cc7f7cb5c1a7"},"headline":"Investigador de CIMA UDD presenta estudio sobre la rotaci\u00f3n de directores escolares en AERA 2026","datePublished":"2026-04-14T15:25:15+00:00","mainEntityOfPage":{"@id":"https:\/\/educacion.udd.cl\/cima\/2026\/04\/14\/investigador-de-cima-udd-presenta-estudio-sobre-la-rotacion-de-directores-escolares-en-aera-2026\/"},"wordCount":416,"image":{"@id":"https:\/\/educacion.udd.cl\/cima\/2026\/04\/14\/investigador-de-cima-udd-presenta-estudio-sobre-la-rotacion-de-directores-escolares-en-aera-2026\/#primaryimage"},"thumbnailUrl":"https:\/\/educacion.udd.cl\/cima\/files\/2026\/04\/whatsapp-image-2026-04-10-at-14-49-54.jpeg","articleSection":["noticias"],"inLanguage":"es"},{"@type":"WebPage","@id":"https:\/\/educacion.udd.cl\/cima\/2026\/04\/14\/investigador-de-cima-udd-presenta-estudio-sobre-la-rotacion-de-directores-escolares-en-aera-2026\/","url":"https:\/\/educacion.udd.cl\/cima\/2026\/04\/14\/investigador-de-cima-udd-presenta-estudio-sobre-la-rotacion-de-directores-escolares-en-aera-2026\/","name":"Investigador de CIMA UDD presenta estudio sobre la rotaci\u00f3n de directores escolares en AERA 2026 - CIMA","isPartOf":{"@id":"https:\/\/educacion.udd.cl\/cima\/#website"},"primaryImageOfPage":{"@id":"https:\/\/educacion.udd.cl\/cima\/2026\/04\/14\/investigador-de-cima-udd-presenta-estudio-sobre-la-rotacion-de-directores-escolares-en-aera-2026\/#primaryimage"},"image":{"@id":"https:\/\/educacion.udd.cl\/cima\/2026\/04\/14\/investigador-de-cima-udd-presenta-estudio-sobre-la-rotacion-de-directores-escolares-en-aera-2026\/#primaryimage"},"thumbnailUrl":"https:\/\/educacion.udd.cl\/cima\/files\/2026\/04\/whatsapp-image-2026-04-10-at-14-49-54.jpeg","datePublished":"2026-04-14T15:25:15+00:00","author":{"@id":"https:\/\/educacion.udd.cl\/cima\/#\/schema\/person\/3aefcae87945fe9ede94cc7f7cb5c1a7"},"breadcrumb":{"@id":"https:\/\/educacion.udd.cl\/cima\/2026\/04\/14\/investigador-de-cima-udd-presenta-estudio-sobre-la-rotacion-de-directores-escolares-en-aera-2026\/#breadcrumb"},"inLanguage":"es","potentialAction":[{"@type":"ReadAction","target":["https:\/\/educacion.udd.cl\/cima\/2026\/04\/14\/investigador-de-cima-udd-presenta-estudio-sobre-la-rotacion-de-directores-escolares-en-aera-2026\/"]}]},{"@type":"ImageObject","inLanguage":"es","@id":"https:\/\/educacion.udd.cl\/cima\/2026\/04\/14\/investigador-de-cima-udd-presenta-estudio-sobre-la-rotacion-de-directores-escolares-en-aera-2026\/#primaryimage","url":"https:\/\/educacion.udd.cl\/cima\/files\/2026\/04\/whatsapp-image-2026-04-10-at-14-49-54.jpeg","contentUrl":"https:\/\/educacion.udd.cl\/cima\/files\/2026\/04\/whatsapp-image-2026-04-10-at-14-49-54.jpeg","width":1280,"height":1168},{"@type":"BreadcrumbList","@id":"https:\/\/educacion.udd.cl\/cima\/2026\/04\/14\/investigador-de-cima-udd-presenta-estudio-sobre-la-rotacion-de-directores-escolares-en-aera-2026\/#breadcrumb","itemListElement":[{"@type":"ListItem","position":1,"name":"Portada","item":"https:\/\/educacion.udd.cl\/cima\/"},{"@type":"ListItem","position":2,"name":"Investigador de CIMA UDD presenta estudio sobre la rotaci\u00f3n de directores escolares en AERA 2026"}]},{"@type":"WebSite","@id":"https:\/\/educacion.udd.cl\/cima\/#website","url":"https:\/\/educacion.udd.cl\/cima\/","name":"CIMA","description":"","inLanguage":"es"},{"@type":"Person","@id":"https:\/\/educacion.udd.cl\/cima\/#\/schema\/person\/3aefcae87945fe9ede94cc7f7cb5c1a7","name":"claudiagodia","image":{"@type":"ImageObject","inLanguage":"es","@id":"https:\/\/educacion.udd.cl\/cima\/#\/schema\/person\/image\/","url":"https:\/\/secure.gravatar.com\/avatar\/c7c585f20c9cd5b1fc8956abfd060f1af449288eb4e630466a5a53a84641a9ca?s=96&d=mm&r=g","contentUrl":"https:\/\/secure.gravatar.com\/avatar\/c7c585f20c9cd5b1fc8956abfd060f1af449288eb4e630466a5a53a84641a9ca?s=96&d=mm&r=g","caption":"claudiagodia"},"url":"https:\/\/educacion.udd.cl\/cima\/author\/claudiagodia\/"}]}},"featured_image_url":"https:\/\/educacion.udd.cl\/cima\/files\/2026\/04\/whatsapp-image-2026-04-10-at-14-49-54.jpeg","_links":{"self":[{"href":"https:\/\/educacion.udd.cl\/cima\/wp-json\/wp\/v2\/posts\/895","targetHints":{"allow":["GET"]}}],"collection":[{"href":"https:\/\/educacion.udd.cl\/cima\/wp-json\/wp\/v2\/posts"}],"about":[{"href":"https:\/\/educacion.udd.cl\/cima\/wp-json\/wp\/v2\/types\/post"}],"author":[{"embeddable":true,"href":"https:\/\/educacion.udd.cl\/cima\/wp-json\/wp\/v2\/users\/39"}],"replies":[{"embeddable":true,"href":"https:\/\/educacion.udd.cl\/cima\/wp-json\/wp\/v2\/comments?post=895"}],"version-history":[{"count":1,"href":"https:\/\/educacion.udd.cl\/cima\/wp-json\/wp\/v2\/posts\/895\/revisions"}],"predecessor-version":[{"id":897,"href":"https:\/\/educacion.udd.cl\/cima\/wp-json\/wp\/v2\/posts\/895\/revisions\/897"}],"wp:featuredmedia":[{"embeddable":true,"href":"https:\/\/educacion.udd.cl\/cima\/wp-json\/wp\/v2\/media\/896"}],"wp:attachment":[{"href":"https:\/\/educacion.udd.cl\/cima\/wp-json\/wp\/v2\/media?parent=895"}],"wp:term":[{"taxonomy":"category","embeddable":true,"href":"https:\/\/educacion.udd.cl\/cima\/wp-json\/wp\/v2\/categories?post=895"},{"taxonomy":"post_tag","embeddable":true,"href":"https:\/\/educacion.udd.cl\/cima\/wp-json\/wp\/v2\/tags?post=895"}],"curies":[{"name":"wp","href":"https:\/\/api.w.org\/{rel}","templated":true}]}}