{"id":787,"date":"2025-05-05T10:55:10","date_gmt":"2025-05-05T14:55:10","guid":{"rendered":"https:\/\/educacion.udd.cl\/cima\/?p=787"},"modified":"2025-05-22T10:56:40","modified_gmt":"2025-05-22T14:56:40","slug":"academicos-cima-presentan-investigaciones-en-aera-2025","status":"publish","type":"post","link":"https:\/\/educacion.udd.cl\/cima\/2025\/05\/05\/academicos-cima-presentan-investigaciones-en-aera-2025\/","title":{"rendered":"Acad\u00e9micos CIMA presentan investigaciones en AERA 2025\u00a0"},"content":{"rendered":"\n<p><em>La American Educational Research Association (AERA) re\u00fane cada a\u00f1o a miles de investigadores de todo el mundo para compartir los avances m\u00e1s recientes en investigaci\u00f3n educativa. Su congreso anual es considerado el evento m\u00e1s influyente del \u00e1rea a nivel global.<\/em>&nbsp;<\/p>\n\n\n\n<p>Montserrat Cubillos y Christian Lazcano, investigadores del Centro de Investigaci\u00f3n para la Mejora de los Aprendizajes (CIMA) de la Facultad de Educaci\u00f3n UDD, expusieron en el congreso anual de la&nbsp;<em>American Educational Research Association (AERA)<\/em>, realizado entre el 23 y el 27 de abril en Denver, Colorado. Este evento es reconocido como el m\u00e1s importante del mundo en el \u00e1mbito de la investigaci\u00f3n en educaci\u00f3n.&nbsp;<\/p>\n\n\n\n<p>Ambos acad\u00e9micos fueron parte activa del congreso, presentando investigaciones que abordan desaf\u00edos clave del sistema educativo chileno y latinoamericano, desde la retenci\u00f3n docente hasta la motivaci\u00f3n lectora y el uso de espacios al aire libre en educaci\u00f3n parvularia.&nbsp;<\/p>\n\n\n\n<p>\u201cAERA permite conocer y conectar con la investigaci\u00f3n m\u00e1s reciente en el campo de la educaci\u00f3n. Es una excelente instancia para formar redes y pensar en proyectos futuros\u201d, destac\u00f3 el director del Mag\u00edster en Liderazgo y Gesti\u00f3n Educativa UDD, Christian Lazcano.\u00a0\u00a0<\/p>\n\n\n<section class=\"wp-block-udd-gallery-carousel wp-carousel-gallery\">\n\t<div class=\"container\">\n\t\t<div\n\t\t\tclass=\"slick-carousel gallery-slick-carousel gallery-carousel--1\"\n\t\t\tdata-slick='{&quot;slidesToScroll&quot;:1,&quot;slidesToShow&quot;:1,&quot;appendDots&quot;:&quot;#dots-69f57f49231f5&quot;,&quot;prevArrow&quot;:&quot;&lt;button type=\\&quot;button\\&quot; class=\\&quot;btn btn-primary slick-prev\\&quot;&gt;&lt;svg class=\\&quot;svg-chevron-left-dims\\&quot;&gt;&lt;use xlink:href=&#039;https:\\\/\\\/educacion.udd.cl\\\/cima\\\/wp-content\\\/themes\\\/facultades-2018\\\/assets\\\/img\\\/svg\\\/dist\\\/main.svg?version=1695853099#chevron-left&#039;&gt;&lt;\\\/use&gt;&lt;\\\/svg&gt;&lt;span class=\\&quot;sr-only\\&quot;&gt;Anterior&lt;\\\/span&gt;&lt;\\\/button&gt;&quot;,&quot;nextArrow&quot;:&quot;&lt;button type=\\&quot;button\\&quot; class=\\&quot;btn btn-primary slick-next\\&quot;&gt;&lt;svg class=\\&quot;svg-chevron-right-dims\\&quot;&gt;&lt;use xlink:href=&#039;https:\\\/\\\/educacion.udd.cl\\\/cima\\\/wp-content\\\/themes\\\/facultades-2018\\\/assets\\\/img\\\/svg\\\/dist\\\/main.svg?version=1695853099#chevron-right&#039;&gt;&lt;\\\/use&gt;&lt;\\\/svg&gt;&lt;span class=\\&quot;sr-only\\&quot;&gt;Siguiente&lt;\\\/span&gt;&lt;\\\/button&gt;&quot;,&quot;infinite&quot;:true,&quot;dots&quot;:true}'\n\t\t>\n\t\t\t\t\t\t\t<figure>\n\t\t\t\t\t<img loading=\"lazy\" decoding=\"async\" width=\"1280\" height=\"720\" src=\"https:\/\/educacion.udd.cl\/cima\/wp-content\/plugins\/wp-async-img-load\/blank.png\" class=\"attachment-1280x720 size-1280x720 lazyload\" alt=\"\" sizes=\"auto, (max-width: 1280px) 100vw, 1280px\" data-src=\"https:\/\/educacion.udd.cl\/cima\/files\/2025\/05\/whatsapp-image-2025-05-05-at-10-20-26-1366x768.jpeg\" data-srcset=\"https:\/\/educacion.udd.cl\/cima\/files\/2025\/05\/whatsapp-image-2025-05-05-at-10-20-26-1366x768.jpeg 1366w, https:\/\/educacion.udd.cl\/cima\/files\/2025\/05\/whatsapp-image-2025-05-05-at-10-20-26-680x382.jpeg 680w\" \/>\t\t\t\t\t\t\t\t\t<\/figure>\n\t\t\t\t\t\t\t<figure>\n\t\t\t\t\t<img loading=\"lazy\" decoding=\"async\" width=\"1280\" height=\"720\" src=\"https:\/\/educacion.udd.cl\/cima\/wp-content\/plugins\/wp-async-img-load\/blank.png\" class=\"attachment-1280x720 size-1280x720 lazyload\" alt=\"\" sizes=\"auto, (max-width: 1280px) 100vw, 1280px\" data-src=\"https:\/\/educacion.udd.cl\/cima\/files\/2025\/05\/whatsapp-image-2025-05-05-at-10-20-24-1366x768.jpeg\" data-srcset=\"https:\/\/educacion.udd.cl\/cima\/files\/2025\/05\/whatsapp-image-2025-05-05-at-10-20-24-1366x768.jpeg 1366w, https:\/\/educacion.udd.cl\/cima\/files\/2025\/05\/whatsapp-image-2025-05-05-at-10-20-24-680x382.jpeg 680w\" \/>\t\t\t\t\t\t\t\t\t<\/figure>\n\t\t\t\t\t\t\t<figure>\n\t\t\t\t\t<img loading=\"lazy\" decoding=\"async\" width=\"1280\" height=\"720\" src=\"https:\/\/educacion.udd.cl\/cima\/wp-content\/plugins\/wp-async-img-load\/blank.png\" class=\"attachment-1280x720 size-1280x720 lazyload\" alt=\"\" sizes=\"auto, (max-width: 1280px) 100vw, 1280px\" data-src=\"https:\/\/educacion.udd.cl\/cima\/files\/2025\/05\/whatsapp-image-2025-05-05-at-10-20-22-1366x768.jpeg\" data-srcset=\"https:\/\/educacion.udd.cl\/cima\/files\/2025\/05\/whatsapp-image-2025-05-05-at-10-20-22-1366x768.jpeg 1366w, https:\/\/educacion.udd.cl\/cima\/files\/2025\/05\/whatsapp-image-2025-05-05-at-10-20-22-680x382.jpeg 680w\" \/>\t\t\t\t\t\t\t\t\t<\/figure>\n\t\t\t\t\t\t\t<figure>\n\t\t\t\t\t<img loading=\"lazy\" decoding=\"async\" width=\"1280\" height=\"720\" src=\"https:\/\/educacion.udd.cl\/cima\/wp-content\/plugins\/wp-async-img-load\/blank.png\" class=\"attachment-1280x720 size-1280x720 lazyload\" alt=\"\" sizes=\"auto, (max-width: 1280px) 100vw, 1280px\" data-src=\"https:\/\/educacion.udd.cl\/cima\/files\/2025\/05\/whatsapp-image-2025-05-05-at-10-20-20-1366x768.jpeg\" data-srcset=\"https:\/\/educacion.udd.cl\/cima\/files\/2025\/05\/whatsapp-image-2025-05-05-at-10-20-20-1366x768.jpeg 1366w, https:\/\/educacion.udd.cl\/cima\/files\/2025\/05\/whatsapp-image-2025-05-05-at-10-20-20-680x382.jpeg 680w\" \/>\t\t\t\t\t\t\t\t\t<\/figure>\n\t\t\t\t\t\t\t<figure>\n\t\t\t\t\t<img loading=\"lazy\" decoding=\"async\" width=\"540\" height=\"720\" src=\"https:\/\/educacion.udd.cl\/cima\/wp-content\/plugins\/wp-async-img-load\/blank.png\" class=\"attachment-1280x720 size-1280x720 lazyload\" alt=\"\" sizes=\"auto, (max-width: 540px) 100vw, 540px\" data-src=\"https:\/\/educacion.udd.cl\/cima\/files\/2025\/05\/whatsapp-image-2025-05-05-at-10-20-18.jpeg\" data-srcset=\"https:\/\/educacion.udd.cl\/cima\/files\/2025\/05\/whatsapp-image-2025-05-05-at-10-20-18.jpeg 1200w, https:\/\/educacion.udd.cl\/cima\/files\/2025\/05\/whatsapp-image-2025-05-05-at-10-20-18-225x300.jpeg 225w, https:\/\/educacion.udd.cl\/cima\/files\/2025\/05\/whatsapp-image-2025-05-05-at-10-20-18-768x1024.jpeg 768w, https:\/\/educacion.udd.cl\/cima\/files\/2025\/05\/whatsapp-image-2025-05-05-at-10-20-18-1152x1536.jpeg 1152w\" \/>\t\t\t\t\t\t\t\t\t<\/figure>\n\t\t\t\t\t\t\t<figure>\n\t\t\t\t\t<img loading=\"lazy\" decoding=\"async\" width=\"542\" height=\"720\" src=\"https:\/\/educacion.udd.cl\/cima\/wp-content\/plugins\/wp-async-img-load\/blank.png\" class=\"attachment-1280x720 size-1280x720 lazyload\" alt=\"\" sizes=\"auto, (max-width: 542px) 100vw, 542px\" data-src=\"https:\/\/educacion.udd.cl\/cima\/files\/2025\/05\/whatsapp-image-2025-04-23-at-16-15-21.jpeg\" data-srcset=\"https:\/\/educacion.udd.cl\/cima\/files\/2025\/05\/whatsapp-image-2025-04-23-at-16-15-21.jpeg 1204w, https:\/\/educacion.udd.cl\/cima\/files\/2025\/05\/whatsapp-image-2025-04-23-at-16-15-21-226x300.jpeg 226w, https:\/\/educacion.udd.cl\/cima\/files\/2025\/05\/whatsapp-image-2025-04-23-at-16-15-21-771x1024.jpeg 771w, https:\/\/educacion.udd.cl\/cima\/files\/2025\/05\/whatsapp-image-2025-04-23-at-16-15-21-768x1021.jpeg 768w, https:\/\/educacion.udd.cl\/cima\/files\/2025\/05\/whatsapp-image-2025-04-23-at-16-15-21-1156x1536.jpeg 1156w\" \/>\t\t\t\t\t\t\t\t\t<\/figure>\n\t\t\t\t\t<\/div>\n\t\t<div\n\t\t\tclass=\"carousel-gallery--carousel-dots\"\n\t\t\tid=\"dots-69f57f49231f5\"\n\t\t><\/div>\n\t<\/div>\n<\/section>\n\n\n\n<p><strong>Entornos educativos en la infancia: m\u00e1s all\u00e1 del aula<\/strong>&nbsp;<\/p>\n\n\n\n<p>Montserrat Cubillos, directora de CIMA, present\u00f3 dos investigaciones con foco en la infancia y el desarrollo lector.&nbsp;En un estudio realizado en conjunto con la profesora Anna Ferranty, titulado&nbsp;<strong>\u00abM\u00e1s all\u00e1 del tama\u00f1o: los esquivos predictores del tiempo al aire libre en contextos de educaci\u00f3n parvularia\u00bb<\/strong>, ambas investigadoras recogieron datos de jardines infantiles y salas cuna en Chile y encontraron que los ni\u00f1os chilenos pasan significativamente menos tiempo al aire libre que los ni\u00f1os de otros pa\u00edses. El tama\u00f1o del espacio fue el \u00fanico predictor de magnitud considerable. Este hallazgo motiva la posibilidad de generar nuevos estudios que permitan identificar factores m\u00e1s maleables para aumentar el tiempo al aire libre, dado lo caro y dif\u00edcil que es modificar los metros cuadrados con los que cuenta un establecimiento.&nbsp;<\/p>\n\n\n\n<p>En la segunda investigaci\u00f3n,&nbsp;<strong>\u00abComparando la din\u00e1mica entre la motivaci\u00f3n lectora y la comprensi\u00f3n desde la educaci\u00f3n b\u00e1sica hasta la educaci\u00f3n media\u00bb<\/strong>, se utiliz\u00f3 un enfoque longitudinal para explorar c\u00f3mo se relacionan la motivaci\u00f3n y la comprensi\u00f3n lectora en estudiantes chilenos. El estudio mostr\u00f3 que ambas variables se afectan rec\u00edprocamente. Sin embargo, en etapas tempranas, la comprensi\u00f3n lectora impacta m\u00e1s fuertemente sobre la motivaci\u00f3n, que viceversa; mientras durante la adolescencia el v\u00ednculo desde motivaci\u00f3n a comprensi\u00f3n es m\u00e1s fuerte que el reverso.&nbsp;<\/p>\n\n\n\n<p>\u201cEn los primeros a\u00f1os de b\u00e1sica, es fundamental afianzar tempranamente las habilidades que conducir\u00e1n a la motivaci\u00f3n; y a partir de cuarto y quinto b\u00e1sico, es clave consolidar la motivaci\u00f3n para seguir alimentando positivamente la comprensi\u00f3n en un c\u00edrculo virtuoso infinito. Este tipo de estudios permite informar pol\u00edticas y pr\u00e1cticas que promuevan trayectorias lectoras m\u00e1s s\u00f3lidas\u201d, se\u00f1al\u00f3 Cubillos.&nbsp;<\/p>\n\n\n\n<p><strong>Liderazgo escolar y condiciones laborales de los docentes<\/strong>&nbsp;<\/p>\n\n\n\n<p>Por su parte, Christian Lazcano present\u00f3 dos estudios centrados en los factores que influyen en la retenci\u00f3n y satisfacci\u00f3n laboral docente en Am\u00e9rica Latina, utilizando datos de la encuesta internacional TALIS 2018. El primero,&nbsp;<strong>\u00abEl papel cr\u00edtico del liderazgo instruccional en la retenci\u00f3n docente en escuelas de Am\u00e9rica Latina\u00bb<\/strong>, revel\u00f3 que un liderazgo instruccional efectivo se asocia con una menor intenci\u00f3n de abandonar la escuela en docentes y una mayor satisfacci\u00f3n laboral, aunque tambi\u00e9n mostr\u00f3 hallazgos contraintuitivos en algunos pa\u00edses respecto al rol de la colaboraci\u00f3n entre docentes. Esta investigaci\u00f3n se realiz\u00f3 en colaboraci\u00f3n con Paulo Volante de la Pontificia Universidad Cat\u00f3lica de Chile y Xiu Cravens de Vanderbilt University.&nbsp;&nbsp;<\/p>\n\n\n\n<p>La segunda investigaci\u00f3n, realizada junto a Sara Galilea, Stefanie Wenderoth, Armando Rojas y Soledad Ortuzar, titulada&nbsp;<strong>\u00abDesentra\u00f1ando la satisfacci\u00f3n laboral docente en Am\u00e9rica Latina\u00bb<\/strong>, mostr\u00f3 que tanto la autoeficacia como la colaboraci\u00f3n entre pares son predictores clave de la satisfacci\u00f3n docente, mientras que el estr\u00e9s y las barreras al desarrollo profesional la afectan negativamente.&nbsp;&nbsp;<\/p>\n\n\n\n<p>\u201cComprender qu\u00e9 condiciones organizacionales favorecen la permanencia de buenos docentes en las aulas es clave para mejorar la calidad educativa en nuestra regi\u00f3n\u201d, se\u00f1al\u00f3 Lazcano.&nbsp;<\/p>\n","protected":false},"excerpt":{"rendered":"<p>La American Educational Research Association (AERA) re\u00fane cada a\u00f1o a miles de investigadores de todo el mundo para compartir los avances m\u00e1s recientes en investigaci\u00f3n educativa. Su congreso anual es considerado el evento m\u00e1s influyente del \u00e1rea a nivel global.&nbsp; Montserrat Cubillos y Christian Lazcano, investigadores del Centro de Investigaci\u00f3n para la Mejora de los [&hellip;]<\/p>\n","protected":false},"author":39,"featured_media":789,"comment_status":"closed","ping_status":"open","sticky":false,"template":"","format":"standard","meta":{"footnotes":""},"categories":[9],"tags":[],"class_list":["post-787","post","type-post","status-publish","format-standard","has-post-thumbnail","hentry","category-noticias"],"yoast_head":"<!-- This site is optimized with the Yoast SEO plugin v26.9 - https:\/\/yoast.com\/product\/yoast-seo-wordpress\/ -->\n<title>Acad\u00e9micos CIMA presentan investigaciones en AERA 2025\u00a0 - CIMA<\/title>\n<meta name=\"robots\" content=\"index, follow, max-snippet:-1, max-image-preview:large, max-video-preview:-1\" \/>\n<link rel=\"canonical\" href=\"https:\/\/educacion.udd.cl\/cima\/2025\/05\/05\/academicos-cima-presentan-investigaciones-en-aera-2025\/\" \/>\n<meta property=\"og:locale\" content=\"es_ES\" \/>\n<meta property=\"og:type\" content=\"article\" \/>\n<meta property=\"og:title\" content=\"Acad\u00e9micos CIMA presentan investigaciones en AERA 2025\u00a0 - CIMA\" \/>\n<meta property=\"og:description\" content=\"La American Educational Research Association (AERA) re\u00fane cada a\u00f1o a miles de investigadores de todo el mundo para compartir los avances m\u00e1s recientes en investigaci\u00f3n educativa. Su congreso anual es considerado el evento m\u00e1s influyente del \u00e1rea a nivel global.&nbsp; Montserrat Cubillos y Christian Lazcano, investigadores del Centro de Investigaci\u00f3n para la Mejora de los [&hellip;]\" \/>\n<meta property=\"og:url\" content=\"https:\/\/educacion.udd.cl\/cima\/2025\/05\/05\/academicos-cima-presentan-investigaciones-en-aera-2025\/\" \/>\n<meta property=\"og:site_name\" content=\"CIMA\" \/>\n<meta property=\"article:published_time\" content=\"2025-05-05T14:55:10+00:00\" \/>\n<meta property=\"article:modified_time\" content=\"2025-05-22T14:56:40+00:00\" \/>\n<meta property=\"og:image\" content=\"http:\/\/educacion.udd.cl\/cima\/files\/2025\/05\/whatsapp-image-2025-05-05-at-10-20-26.jpeg\" \/>\n\t<meta property=\"og:image:width\" content=\"1600\" \/>\n\t<meta property=\"og:image:height\" content=\"1204\" \/>\n\t<meta property=\"og:image:type\" content=\"image\/jpeg\" \/>\n<meta name=\"author\" content=\"claudiagodia\" \/>\n<meta name=\"twitter:card\" content=\"summary_large_image\" \/>\n<meta name=\"twitter:label1\" content=\"Escrito por\" \/>\n\t<meta name=\"twitter:data1\" content=\"claudiagodia\" \/>\n\t<meta name=\"twitter:label2\" content=\"Tiempo de lectura\" \/>\n\t<meta name=\"twitter:data2\" content=\"5 minutos\" \/>\n<script type=\"application\/ld+json\" class=\"yoast-schema-graph\">{\"@context\":\"https:\/\/schema.org\",\"@graph\":[{\"@type\":\"Article\",\"@id\":\"https:\/\/educacion.udd.cl\/cima\/2025\/05\/05\/academicos-cima-presentan-investigaciones-en-aera-2025\/#article\",\"isPartOf\":{\"@id\":\"https:\/\/educacion.udd.cl\/cima\/2025\/05\/05\/academicos-cima-presentan-investigaciones-en-aera-2025\/\"},\"author\":{\"name\":\"claudiagodia\",\"@id\":\"https:\/\/educacion.udd.cl\/cima\/#\/schema\/person\/3aefcae87945fe9ede94cc7f7cb5c1a7\"},\"headline\":\"Acad\u00e9micos CIMA presentan investigaciones en AERA 2025\u00a0\",\"datePublished\":\"2025-05-05T14:55:10+00:00\",\"dateModified\":\"2025-05-22T14:56:40+00:00\",\"mainEntityOfPage\":{\"@id\":\"https:\/\/educacion.udd.cl\/cima\/2025\/05\/05\/academicos-cima-presentan-investigaciones-en-aera-2025\/\"},\"wordCount\":764,\"image\":{\"@id\":\"https:\/\/educacion.udd.cl\/cima\/2025\/05\/05\/academicos-cima-presentan-investigaciones-en-aera-2025\/#primaryimage\"},\"thumbnailUrl\":\"https:\/\/educacion.udd.cl\/cima\/files\/2025\/05\/whatsapp-image-2025-05-05-at-10-20-26.jpeg\",\"articleSection\":[\"noticias\"],\"inLanguage\":\"es\"},{\"@type\":\"WebPage\",\"@id\":\"https:\/\/educacion.udd.cl\/cima\/2025\/05\/05\/academicos-cima-presentan-investigaciones-en-aera-2025\/\",\"url\":\"https:\/\/educacion.udd.cl\/cima\/2025\/05\/05\/academicos-cima-presentan-investigaciones-en-aera-2025\/\",\"name\":\"Acad\u00e9micos CIMA presentan investigaciones en AERA 2025\u00a0 - CIMA\",\"isPartOf\":{\"@id\":\"https:\/\/educacion.udd.cl\/cima\/#website\"},\"primaryImageOfPage\":{\"@id\":\"https:\/\/educacion.udd.cl\/cima\/2025\/05\/05\/academicos-cima-presentan-investigaciones-en-aera-2025\/#primaryimage\"},\"image\":{\"@id\":\"https:\/\/educacion.udd.cl\/cima\/2025\/05\/05\/academicos-cima-presentan-investigaciones-en-aera-2025\/#primaryimage\"},\"thumbnailUrl\":\"https:\/\/educacion.udd.cl\/cima\/files\/2025\/05\/whatsapp-image-2025-05-05-at-10-20-26.jpeg\",\"datePublished\":\"2025-05-05T14:55:10+00:00\",\"dateModified\":\"2025-05-22T14:56:40+00:00\",\"author\":{\"@id\":\"https:\/\/educacion.udd.cl\/cima\/#\/schema\/person\/3aefcae87945fe9ede94cc7f7cb5c1a7\"},\"breadcrumb\":{\"@id\":\"https:\/\/educacion.udd.cl\/cima\/2025\/05\/05\/academicos-cima-presentan-investigaciones-en-aera-2025\/#breadcrumb\"},\"inLanguage\":\"es\",\"potentialAction\":[{\"@type\":\"ReadAction\",\"target\":[\"https:\/\/educacion.udd.cl\/cima\/2025\/05\/05\/academicos-cima-presentan-investigaciones-en-aera-2025\/\"]}]},{\"@type\":\"ImageObject\",\"inLanguage\":\"es\",\"@id\":\"https:\/\/educacion.udd.cl\/cima\/2025\/05\/05\/academicos-cima-presentan-investigaciones-en-aera-2025\/#primaryimage\",\"url\":\"https:\/\/educacion.udd.cl\/cima\/files\/2025\/05\/whatsapp-image-2025-05-05-at-10-20-26.jpeg\",\"contentUrl\":\"https:\/\/educacion.udd.cl\/cima\/files\/2025\/05\/whatsapp-image-2025-05-05-at-10-20-26.jpeg\",\"width\":1600,\"height\":1204},{\"@type\":\"BreadcrumbList\",\"@id\":\"https:\/\/educacion.udd.cl\/cima\/2025\/05\/05\/academicos-cima-presentan-investigaciones-en-aera-2025\/#breadcrumb\",\"itemListElement\":[{\"@type\":\"ListItem\",\"position\":1,\"name\":\"Portada\",\"item\":\"https:\/\/educacion.udd.cl\/cima\/\"},{\"@type\":\"ListItem\",\"position\":2,\"name\":\"Acad\u00e9micos CIMA presentan investigaciones en AERA 2025\u00a0\"}]},{\"@type\":\"WebSite\",\"@id\":\"https:\/\/educacion.udd.cl\/cima\/#website\",\"url\":\"https:\/\/educacion.udd.cl\/cima\/\",\"name\":\"CIMA\",\"description\":\"\",\"inLanguage\":\"es\"},{\"@type\":\"Person\",\"@id\":\"https:\/\/educacion.udd.cl\/cima\/#\/schema\/person\/3aefcae87945fe9ede94cc7f7cb5c1a7\",\"name\":\"claudiagodia\",\"image\":{\"@type\":\"ImageObject\",\"inLanguage\":\"es\",\"@id\":\"https:\/\/educacion.udd.cl\/cima\/#\/schema\/person\/image\/\",\"url\":\"https:\/\/secure.gravatar.com\/avatar\/c7c585f20c9cd5b1fc8956abfd060f1af449288eb4e630466a5a53a84641a9ca?s=96&d=mm&r=g\",\"contentUrl\":\"https:\/\/secure.gravatar.com\/avatar\/c7c585f20c9cd5b1fc8956abfd060f1af449288eb4e630466a5a53a84641a9ca?s=96&d=mm&r=g\",\"caption\":\"claudiagodia\"},\"url\":\"https:\/\/educacion.udd.cl\/cima\/author\/claudiagodia\/\"}]}<\/script>\n<!-- \/ Yoast SEO plugin. -->","yoast_head_json":{"title":"Acad\u00e9micos CIMA presentan investigaciones en AERA 2025\u00a0 - CIMA","robots":{"index":"index","follow":"follow","max-snippet":"max-snippet:-1","max-image-preview":"max-image-preview:large","max-video-preview":"max-video-preview:-1"},"canonical":"https:\/\/educacion.udd.cl\/cima\/2025\/05\/05\/academicos-cima-presentan-investigaciones-en-aera-2025\/","og_locale":"es_ES","og_type":"article","og_title":"Acad\u00e9micos CIMA presentan investigaciones en AERA 2025\u00a0 - CIMA","og_description":"La American Educational Research Association (AERA) re\u00fane cada a\u00f1o a miles de investigadores de todo el mundo para compartir los avances m\u00e1s recientes en investigaci\u00f3n educativa. Su congreso anual es considerado el evento m\u00e1s influyente del \u00e1rea a nivel global.&nbsp; Montserrat Cubillos y Christian Lazcano, investigadores del Centro de Investigaci\u00f3n para la Mejora de los [&hellip;]","og_url":"https:\/\/educacion.udd.cl\/cima\/2025\/05\/05\/academicos-cima-presentan-investigaciones-en-aera-2025\/","og_site_name":"CIMA","article_published_time":"2025-05-05T14:55:10+00:00","article_modified_time":"2025-05-22T14:56:40+00:00","og_image":[{"width":1600,"height":1204,"url":"http:\/\/educacion.udd.cl\/cima\/files\/2025\/05\/whatsapp-image-2025-05-05-at-10-20-26.jpeg","type":"image\/jpeg"}],"author":"claudiagodia","twitter_card":"summary_large_image","twitter_misc":{"Escrito por":"claudiagodia","Tiempo de lectura":"5 minutos"},"schema":{"@context":"https:\/\/schema.org","@graph":[{"@type":"Article","@id":"https:\/\/educacion.udd.cl\/cima\/2025\/05\/05\/academicos-cima-presentan-investigaciones-en-aera-2025\/#article","isPartOf":{"@id":"https:\/\/educacion.udd.cl\/cima\/2025\/05\/05\/academicos-cima-presentan-investigaciones-en-aera-2025\/"},"author":{"name":"claudiagodia","@id":"https:\/\/educacion.udd.cl\/cima\/#\/schema\/person\/3aefcae87945fe9ede94cc7f7cb5c1a7"},"headline":"Acad\u00e9micos CIMA presentan investigaciones en AERA 2025\u00a0","datePublished":"2025-05-05T14:55:10+00:00","dateModified":"2025-05-22T14:56:40+00:00","mainEntityOfPage":{"@id":"https:\/\/educacion.udd.cl\/cima\/2025\/05\/05\/academicos-cima-presentan-investigaciones-en-aera-2025\/"},"wordCount":764,"image":{"@id":"https:\/\/educacion.udd.cl\/cima\/2025\/05\/05\/academicos-cima-presentan-investigaciones-en-aera-2025\/#primaryimage"},"thumbnailUrl":"https:\/\/educacion.udd.cl\/cima\/files\/2025\/05\/whatsapp-image-2025-05-05-at-10-20-26.jpeg","articleSection":["noticias"],"inLanguage":"es"},{"@type":"WebPage","@id":"https:\/\/educacion.udd.cl\/cima\/2025\/05\/05\/academicos-cima-presentan-investigaciones-en-aera-2025\/","url":"https:\/\/educacion.udd.cl\/cima\/2025\/05\/05\/academicos-cima-presentan-investigaciones-en-aera-2025\/","name":"Acad\u00e9micos CIMA presentan investigaciones en AERA 2025\u00a0 - CIMA","isPartOf":{"@id":"https:\/\/educacion.udd.cl\/cima\/#website"},"primaryImageOfPage":{"@id":"https:\/\/educacion.udd.cl\/cima\/2025\/05\/05\/academicos-cima-presentan-investigaciones-en-aera-2025\/#primaryimage"},"image":{"@id":"https:\/\/educacion.udd.cl\/cima\/2025\/05\/05\/academicos-cima-presentan-investigaciones-en-aera-2025\/#primaryimage"},"thumbnailUrl":"https:\/\/educacion.udd.cl\/cima\/files\/2025\/05\/whatsapp-image-2025-05-05-at-10-20-26.jpeg","datePublished":"2025-05-05T14:55:10+00:00","dateModified":"2025-05-22T14:56:40+00:00","author":{"@id":"https:\/\/educacion.udd.cl\/cima\/#\/schema\/person\/3aefcae87945fe9ede94cc7f7cb5c1a7"},"breadcrumb":{"@id":"https:\/\/educacion.udd.cl\/cima\/2025\/05\/05\/academicos-cima-presentan-investigaciones-en-aera-2025\/#breadcrumb"},"inLanguage":"es","potentialAction":[{"@type":"ReadAction","target":["https:\/\/educacion.udd.cl\/cima\/2025\/05\/05\/academicos-cima-presentan-investigaciones-en-aera-2025\/"]}]},{"@type":"ImageObject","inLanguage":"es","@id":"https:\/\/educacion.udd.cl\/cima\/2025\/05\/05\/academicos-cima-presentan-investigaciones-en-aera-2025\/#primaryimage","url":"https:\/\/educacion.udd.cl\/cima\/files\/2025\/05\/whatsapp-image-2025-05-05-at-10-20-26.jpeg","contentUrl":"https:\/\/educacion.udd.cl\/cima\/files\/2025\/05\/whatsapp-image-2025-05-05-at-10-20-26.jpeg","width":1600,"height":1204},{"@type":"BreadcrumbList","@id":"https:\/\/educacion.udd.cl\/cima\/2025\/05\/05\/academicos-cima-presentan-investigaciones-en-aera-2025\/#breadcrumb","itemListElement":[{"@type":"ListItem","position":1,"name":"Portada","item":"https:\/\/educacion.udd.cl\/cima\/"},{"@type":"ListItem","position":2,"name":"Acad\u00e9micos CIMA presentan investigaciones en AERA 2025\u00a0"}]},{"@type":"WebSite","@id":"https:\/\/educacion.udd.cl\/cima\/#website","url":"https:\/\/educacion.udd.cl\/cima\/","name":"CIMA","description":"","inLanguage":"es"},{"@type":"Person","@id":"https:\/\/educacion.udd.cl\/cima\/#\/schema\/person\/3aefcae87945fe9ede94cc7f7cb5c1a7","name":"claudiagodia","image":{"@type":"ImageObject","inLanguage":"es","@id":"https:\/\/educacion.udd.cl\/cima\/#\/schema\/person\/image\/","url":"https:\/\/secure.gravatar.com\/avatar\/c7c585f20c9cd5b1fc8956abfd060f1af449288eb4e630466a5a53a84641a9ca?s=96&d=mm&r=g","contentUrl":"https:\/\/secure.gravatar.com\/avatar\/c7c585f20c9cd5b1fc8956abfd060f1af449288eb4e630466a5a53a84641a9ca?s=96&d=mm&r=g","caption":"claudiagodia"},"url":"https:\/\/educacion.udd.cl\/cima\/author\/claudiagodia\/"}]}},"featured_image_url":"https:\/\/educacion.udd.cl\/cima\/files\/2025\/05\/whatsapp-image-2025-05-05-at-10-20-26.jpeg","_links":{"self":[{"href":"https:\/\/educacion.udd.cl\/cima\/wp-json\/wp\/v2\/posts\/787","targetHints":{"allow":["GET"]}}],"collection":[{"href":"https:\/\/educacion.udd.cl\/cima\/wp-json\/wp\/v2\/posts"}],"about":[{"href":"https:\/\/educacion.udd.cl\/cima\/wp-json\/wp\/v2\/types\/post"}],"author":[{"embeddable":true,"href":"https:\/\/educacion.udd.cl\/cima\/wp-json\/wp\/v2\/users\/39"}],"replies":[{"embeddable":true,"href":"https:\/\/educacion.udd.cl\/cima\/wp-json\/wp\/v2\/comments?post=787"}],"version-history":[{"count":1,"href":"https:\/\/educacion.udd.cl\/cima\/wp-json\/wp\/v2\/posts\/787\/revisions"}],"predecessor-version":[{"id":794,"href":"https:\/\/educacion.udd.cl\/cima\/wp-json\/wp\/v2\/posts\/787\/revisions\/794"}],"wp:featuredmedia":[{"embeddable":true,"href":"https:\/\/educacion.udd.cl\/cima\/wp-json\/wp\/v2\/media\/789"}],"wp:attachment":[{"href":"https:\/\/educacion.udd.cl\/cima\/wp-json\/wp\/v2\/media?parent=787"}],"wp:term":[{"taxonomy":"category","embeddable":true,"href":"https:\/\/educacion.udd.cl\/cima\/wp-json\/wp\/v2\/categories?post=787"},{"taxonomy":"post_tag","embeddable":true,"href":"https:\/\/educacion.udd.cl\/cima\/wp-json\/wp\/v2\/tags?post=787"}],"curies":[{"name":"wp","href":"https:\/\/api.w.org\/{rel}","templated":true}]}}