{"id":754,"date":"2025-03-10T13:18:41","date_gmt":"2025-03-10T16:18:41","guid":{"rendered":"https:\/\/educacion.udd.cl\/cima\/?p=754"},"modified":"2025-03-11T13:19:53","modified_gmt":"2025-03-11T16:19:53","slug":"educacion-udd-lanza-segunda-version-del-programa-agentes-de-cambio","status":"publish","type":"post","link":"https:\/\/educacion.udd.cl\/cima\/2025\/03\/10\/educacion-udd-lanza-segunda-version-del-programa-agentes-de-cambio\/","title":{"rendered":"Educaci\u00f3n UDD lanza segunda versi\u00f3n del programa Agentes de cambio"},"content":{"rendered":"\n<p><em>\u2018Agentes de cambio: investigadores para la educaci\u00f3n del futuro\u2019 es el proyecto que por segundo a\u00f1o consecutivo invita a estudiantes de pregrado y postgrado de nuestros programas a investigar junto a acad\u00e9micos de la facultad.<\/em><\/p>\n\n\n\n<p>La Facultad de Educaci\u00f3n UDD anuncia el lanzamiento de la versi\u00f3n 2025 de su programa de ayudant\u00edas de investigaci\u00f3n, Agentes de Cambio, dirigido a todos los estudiantes de pregrado y postgrado de la facultad, que est\u00e9n interesados en desarrollarse en esta \u00e1rea.<\/p>\n\n\n\n<p><strong>\u00abEste programa les da herramientas para tomar decisiones informadas desde la sala de clases hasta la formulaci\u00f3n de pol\u00edticas\u00bb, se\u00f1ala Montserrat Cubillos, directora acad\u00e9mica de CIMA UDD. \u00abQueremos que m\u00e1s estudiantes descubran el poder de la investigaci\u00f3n y el uso de datos para transformar la educaci\u00f3n\u00bb.<\/strong><\/p>\n\n\n\n<p>El programa se desarrolla entre abril y diciembre, per\u00edodo en el que los estudiantes se forman como ayudantes de investigaci\u00f3n y colaboran en las investigaciones que realizan diferentes profesores de la Facultad.<\/p>\n\n\n\n<p>Los estudiantes interesados deber\u00e1n pasar por un proceso de postulaci\u00f3n, para finalmente ser seleccionados para realizar este trabajo remunerado, que les permitir\u00e1 adquirir habilidades de investigaci\u00f3n y adentrarse m\u00e1s profundamente en los temas de inter\u00e9s acad\u00e9mico. Algunas de las tareas habituales de los estudiantes de este programa son: ir a colegios a tomar pruebas o encuestas, revisar bibliograf\u00eda, depurar bases de datos y realizar informes, seg\u00fan sus capacidades.<\/p>\n\n\n\n<p>Los interesados deben tener disponibilidad para dedicar cuatro horas semanales a este trabajo, que se dividen entre tiempo de asistencia a talleres de capacitaci\u00f3n obligatorios y horas de trabajo aut\u00f3nomo.<\/p>\n\n\n\n<p>El proceso de postulaci\u00f3n finalizar\u00e1 el jueves 20 de marzo a las 23:59 y los resultados se publicar\u00e1n el viernes 4 de abril.<\/p>\n\n\n<p class=\"wp-block-udd-button text-center\"><a class=\"btn btn-primary \" href=\"https:\/\/forms.office.com\/pages\/responsepage.aspx?id=J4nXtdAlqUSDcNhuV8e6lnaBSo2dn3NLjhLbDBdNfHdUMDVaQjdaTE5RWE05OTgwWVhYR0ZJV1YzSC4u&#038;route=shorturl\" data-url=\"https:\/\/forms.office.com\/pages\/responsepage.aspx?id=J4nXtdAlqUSDcNhuV8e6lnaBSo2dn3NLjhLbDBdNfHdUMDVaQjdaTE5RWE05OTgwWVhYR0ZJV1YzSC4u&#038;route=shorturl\"><svg class=\"svg-download-dims\"><use xlink:href='https:\/\/educacion.udd.cl\/cima\/wp-content\/themes\/facultades-2018\/assets\/img\/svg\/dist\/main.svg?version=1695853099#download'><\/use><\/svg> Postulaciones <\/a><\/p>\n\n\n\n<p>Para cualquier duda, comunicarse con Montserrat Cubillos al correo <a href=\"mailto:montserratcubillos@udd.cl\">montserratcubillos@udd.cl<\/a><\/p>\n","protected":false},"excerpt":{"rendered":"<p>\u2018Agentes de cambio: investigadores para la educaci\u00f3n del futuro\u2019 es el proyecto que por segundo a\u00f1o consecutivo invita a estudiantes de pregrado y postgrado de nuestros programas a investigar junto a acad\u00e9micos de la facultad. La Facultad de Educaci\u00f3n UDD anuncia el lanzamiento de la versi\u00f3n 2025 de su programa de ayudant\u00edas de investigaci\u00f3n, Agentes [&hellip;]<\/p>\n","protected":false},"author":39,"featured_media":755,"comment_status":"closed","ping_status":"open","sticky":false,"template":"","format":"standard","meta":{"footnotes":""},"categories":[9],"tags":[],"class_list":["post-754","post","type-post","status-publish","format-standard","has-post-thumbnail","hentry","category-noticias"],"yoast_head":"<!-- This site is optimized with the Yoast SEO plugin v26.9 - https:\/\/yoast.com\/product\/yoast-seo-wordpress\/ -->\n<title>Educaci\u00f3n UDD lanza segunda versi\u00f3n del programa Agentes de cambio - CIMA<\/title>\n<meta name=\"robots\" content=\"index, follow, max-snippet:-1, max-image-preview:large, max-video-preview:-1\" \/>\n<link rel=\"canonical\" href=\"https:\/\/educacion.udd.cl\/cima\/2025\/03\/10\/educacion-udd-lanza-segunda-version-del-programa-agentes-de-cambio\/\" \/>\n<meta property=\"og:locale\" content=\"es_ES\" \/>\n<meta property=\"og:type\" content=\"article\" \/>\n<meta property=\"og:title\" content=\"Educaci\u00f3n UDD lanza segunda versi\u00f3n del programa Agentes de cambio - CIMA\" \/>\n<meta property=\"og:description\" content=\"\u2018Agentes de cambio: investigadores para la educaci\u00f3n del futuro\u2019 es el proyecto que por segundo a\u00f1o consecutivo invita a estudiantes de pregrado y postgrado de nuestros programas a investigar junto a acad\u00e9micos de la facultad. La Facultad de Educaci\u00f3n UDD anuncia el lanzamiento de la versi\u00f3n 2025 de su programa de ayudant\u00edas de investigaci\u00f3n, Agentes [&hellip;]\" \/>\n<meta property=\"og:url\" content=\"https:\/\/educacion.udd.cl\/cima\/2025\/03\/10\/educacion-udd-lanza-segunda-version-del-programa-agentes-de-cambio\/\" \/>\n<meta property=\"og:site_name\" content=\"CIMA\" \/>\n<meta property=\"article:published_time\" content=\"2025-03-10T16:18:41+00:00\" \/>\n<meta property=\"article:modified_time\" content=\"2025-03-11T16:19:53+00:00\" \/>\n<meta property=\"og:image\" content=\"http:\/\/educacion.udd.cl\/cima\/files\/2025\/03\/agentes_mailing.jpg\" \/>\n\t<meta property=\"og:image:width\" content=\"1007\" \/>\n\t<meta property=\"og:image:height\" content=\"356\" \/>\n\t<meta property=\"og:image:type\" content=\"image\/jpeg\" \/>\n<meta name=\"author\" content=\"claudiagodia\" \/>\n<meta name=\"twitter:card\" content=\"summary_large_image\" \/>\n<meta name=\"twitter:label1\" content=\"Escrito por\" \/>\n\t<meta name=\"twitter:data1\" content=\"claudiagodia\" \/>\n\t<meta name=\"twitter:label2\" content=\"Tiempo de lectura\" \/>\n\t<meta name=\"twitter:data2\" content=\"2 minutos\" \/>\n<script type=\"application\/ld+json\" class=\"yoast-schema-graph\">{\"@context\":\"https:\/\/schema.org\",\"@graph\":[{\"@type\":\"Article\",\"@id\":\"https:\/\/educacion.udd.cl\/cima\/2025\/03\/10\/educacion-udd-lanza-segunda-version-del-programa-agentes-de-cambio\/#article\",\"isPartOf\":{\"@id\":\"https:\/\/educacion.udd.cl\/cima\/2025\/03\/10\/educacion-udd-lanza-segunda-version-del-programa-agentes-de-cambio\/\"},\"author\":{\"name\":\"claudiagodia\",\"@id\":\"https:\/\/educacion.udd.cl\/cima\/#\/schema\/person\/3aefcae87945fe9ede94cc7f7cb5c1a7\"},\"headline\":\"Educaci\u00f3n UDD lanza segunda versi\u00f3n del programa Agentes de cambio\",\"datePublished\":\"2025-03-10T16:18:41+00:00\",\"dateModified\":\"2025-03-11T16:19:53+00:00\",\"mainEntityOfPage\":{\"@id\":\"https:\/\/educacion.udd.cl\/cima\/2025\/03\/10\/educacion-udd-lanza-segunda-version-del-programa-agentes-de-cambio\/\"},\"wordCount\":325,\"image\":{\"@id\":\"https:\/\/educacion.udd.cl\/cima\/2025\/03\/10\/educacion-udd-lanza-segunda-version-del-programa-agentes-de-cambio\/#primaryimage\"},\"thumbnailUrl\":\"https:\/\/educacion.udd.cl\/cima\/files\/2025\/03\/agentes_mailing.jpg\",\"articleSection\":[\"noticias\"],\"inLanguage\":\"es\"},{\"@type\":\"WebPage\",\"@id\":\"https:\/\/educacion.udd.cl\/cima\/2025\/03\/10\/educacion-udd-lanza-segunda-version-del-programa-agentes-de-cambio\/\",\"url\":\"https:\/\/educacion.udd.cl\/cima\/2025\/03\/10\/educacion-udd-lanza-segunda-version-del-programa-agentes-de-cambio\/\",\"name\":\"Educaci\u00f3n UDD lanza segunda versi\u00f3n del programa Agentes de cambio - CIMA\",\"isPartOf\":{\"@id\":\"https:\/\/educacion.udd.cl\/cima\/#website\"},\"primaryImageOfPage\":{\"@id\":\"https:\/\/educacion.udd.cl\/cima\/2025\/03\/10\/educacion-udd-lanza-segunda-version-del-programa-agentes-de-cambio\/#primaryimage\"},\"image\":{\"@id\":\"https:\/\/educacion.udd.cl\/cima\/2025\/03\/10\/educacion-udd-lanza-segunda-version-del-programa-agentes-de-cambio\/#primaryimage\"},\"thumbnailUrl\":\"https:\/\/educacion.udd.cl\/cima\/files\/2025\/03\/agentes_mailing.jpg\",\"datePublished\":\"2025-03-10T16:18:41+00:00\",\"dateModified\":\"2025-03-11T16:19:53+00:00\",\"author\":{\"@id\":\"https:\/\/educacion.udd.cl\/cima\/#\/schema\/person\/3aefcae87945fe9ede94cc7f7cb5c1a7\"},\"breadcrumb\":{\"@id\":\"https:\/\/educacion.udd.cl\/cima\/2025\/03\/10\/educacion-udd-lanza-segunda-version-del-programa-agentes-de-cambio\/#breadcrumb\"},\"inLanguage\":\"es\",\"potentialAction\":[{\"@type\":\"ReadAction\",\"target\":[\"https:\/\/educacion.udd.cl\/cima\/2025\/03\/10\/educacion-udd-lanza-segunda-version-del-programa-agentes-de-cambio\/\"]}]},{\"@type\":\"ImageObject\",\"inLanguage\":\"es\",\"@id\":\"https:\/\/educacion.udd.cl\/cima\/2025\/03\/10\/educacion-udd-lanza-segunda-version-del-programa-agentes-de-cambio\/#primaryimage\",\"url\":\"https:\/\/educacion.udd.cl\/cima\/files\/2025\/03\/agentes_mailing.jpg\",\"contentUrl\":\"https:\/\/educacion.udd.cl\/cima\/files\/2025\/03\/agentes_mailing.jpg\",\"width\":1007,\"height\":356},{\"@type\":\"BreadcrumbList\",\"@id\":\"https:\/\/educacion.udd.cl\/cima\/2025\/03\/10\/educacion-udd-lanza-segunda-version-del-programa-agentes-de-cambio\/#breadcrumb\",\"itemListElement\":[{\"@type\":\"ListItem\",\"position\":1,\"name\":\"Portada\",\"item\":\"https:\/\/educacion.udd.cl\/cima\/\"},{\"@type\":\"ListItem\",\"position\":2,\"name\":\"Educaci\u00f3n UDD lanza segunda versi\u00f3n del programa Agentes de cambio\"}]},{\"@type\":\"WebSite\",\"@id\":\"https:\/\/educacion.udd.cl\/cima\/#website\",\"url\":\"https:\/\/educacion.udd.cl\/cima\/\",\"name\":\"CIMA\",\"description\":\"\",\"inLanguage\":\"es\"},{\"@type\":\"Person\",\"@id\":\"https:\/\/educacion.udd.cl\/cima\/#\/schema\/person\/3aefcae87945fe9ede94cc7f7cb5c1a7\",\"name\":\"claudiagodia\",\"image\":{\"@type\":\"ImageObject\",\"inLanguage\":\"es\",\"@id\":\"https:\/\/educacion.udd.cl\/cima\/#\/schema\/person\/image\/\",\"url\":\"https:\/\/secure.gravatar.com\/avatar\/c7c585f20c9cd5b1fc8956abfd060f1af449288eb4e630466a5a53a84641a9ca?s=96&d=mm&r=g\",\"contentUrl\":\"https:\/\/secure.gravatar.com\/avatar\/c7c585f20c9cd5b1fc8956abfd060f1af449288eb4e630466a5a53a84641a9ca?s=96&d=mm&r=g\",\"caption\":\"claudiagodia\"},\"url\":\"https:\/\/educacion.udd.cl\/cima\/author\/claudiagodia\/\"}]}<\/script>\n<!-- \/ Yoast SEO plugin. -->","yoast_head_json":{"title":"Educaci\u00f3n UDD lanza segunda versi\u00f3n del programa Agentes de cambio - CIMA","robots":{"index":"index","follow":"follow","max-snippet":"max-snippet:-1","max-image-preview":"max-image-preview:large","max-video-preview":"max-video-preview:-1"},"canonical":"https:\/\/educacion.udd.cl\/cima\/2025\/03\/10\/educacion-udd-lanza-segunda-version-del-programa-agentes-de-cambio\/","og_locale":"es_ES","og_type":"article","og_title":"Educaci\u00f3n UDD lanza segunda versi\u00f3n del programa Agentes de cambio - CIMA","og_description":"\u2018Agentes de cambio: investigadores para la educaci\u00f3n del futuro\u2019 es el proyecto que por segundo a\u00f1o consecutivo invita a estudiantes de pregrado y postgrado de nuestros programas a investigar junto a acad\u00e9micos de la facultad. La Facultad de Educaci\u00f3n UDD anuncia el lanzamiento de la versi\u00f3n 2025 de su programa de ayudant\u00edas de investigaci\u00f3n, Agentes [&hellip;]","og_url":"https:\/\/educacion.udd.cl\/cima\/2025\/03\/10\/educacion-udd-lanza-segunda-version-del-programa-agentes-de-cambio\/","og_site_name":"CIMA","article_published_time":"2025-03-10T16:18:41+00:00","article_modified_time":"2025-03-11T16:19:53+00:00","og_image":[{"width":1007,"height":356,"url":"http:\/\/educacion.udd.cl\/cima\/files\/2025\/03\/agentes_mailing.jpg","type":"image\/jpeg"}],"author":"claudiagodia","twitter_card":"summary_large_image","twitter_misc":{"Escrito por":"claudiagodia","Tiempo de lectura":"2 minutos"},"schema":{"@context":"https:\/\/schema.org","@graph":[{"@type":"Article","@id":"https:\/\/educacion.udd.cl\/cima\/2025\/03\/10\/educacion-udd-lanza-segunda-version-del-programa-agentes-de-cambio\/#article","isPartOf":{"@id":"https:\/\/educacion.udd.cl\/cima\/2025\/03\/10\/educacion-udd-lanza-segunda-version-del-programa-agentes-de-cambio\/"},"author":{"name":"claudiagodia","@id":"https:\/\/educacion.udd.cl\/cima\/#\/schema\/person\/3aefcae87945fe9ede94cc7f7cb5c1a7"},"headline":"Educaci\u00f3n UDD lanza segunda versi\u00f3n del programa Agentes de cambio","datePublished":"2025-03-10T16:18:41+00:00","dateModified":"2025-03-11T16:19:53+00:00","mainEntityOfPage":{"@id":"https:\/\/educacion.udd.cl\/cima\/2025\/03\/10\/educacion-udd-lanza-segunda-version-del-programa-agentes-de-cambio\/"},"wordCount":325,"image":{"@id":"https:\/\/educacion.udd.cl\/cima\/2025\/03\/10\/educacion-udd-lanza-segunda-version-del-programa-agentes-de-cambio\/#primaryimage"},"thumbnailUrl":"https:\/\/educacion.udd.cl\/cima\/files\/2025\/03\/agentes_mailing.jpg","articleSection":["noticias"],"inLanguage":"es"},{"@type":"WebPage","@id":"https:\/\/educacion.udd.cl\/cima\/2025\/03\/10\/educacion-udd-lanza-segunda-version-del-programa-agentes-de-cambio\/","url":"https:\/\/educacion.udd.cl\/cima\/2025\/03\/10\/educacion-udd-lanza-segunda-version-del-programa-agentes-de-cambio\/","name":"Educaci\u00f3n UDD lanza segunda versi\u00f3n del programa Agentes de cambio - CIMA","isPartOf":{"@id":"https:\/\/educacion.udd.cl\/cima\/#website"},"primaryImageOfPage":{"@id":"https:\/\/educacion.udd.cl\/cima\/2025\/03\/10\/educacion-udd-lanza-segunda-version-del-programa-agentes-de-cambio\/#primaryimage"},"image":{"@id":"https:\/\/educacion.udd.cl\/cima\/2025\/03\/10\/educacion-udd-lanza-segunda-version-del-programa-agentes-de-cambio\/#primaryimage"},"thumbnailUrl":"https:\/\/educacion.udd.cl\/cima\/files\/2025\/03\/agentes_mailing.jpg","datePublished":"2025-03-10T16:18:41+00:00","dateModified":"2025-03-11T16:19:53+00:00","author":{"@id":"https:\/\/educacion.udd.cl\/cima\/#\/schema\/person\/3aefcae87945fe9ede94cc7f7cb5c1a7"},"breadcrumb":{"@id":"https:\/\/educacion.udd.cl\/cima\/2025\/03\/10\/educacion-udd-lanza-segunda-version-del-programa-agentes-de-cambio\/#breadcrumb"},"inLanguage":"es","potentialAction":[{"@type":"ReadAction","target":["https:\/\/educacion.udd.cl\/cima\/2025\/03\/10\/educacion-udd-lanza-segunda-version-del-programa-agentes-de-cambio\/"]}]},{"@type":"ImageObject","inLanguage":"es","@id":"https:\/\/educacion.udd.cl\/cima\/2025\/03\/10\/educacion-udd-lanza-segunda-version-del-programa-agentes-de-cambio\/#primaryimage","url":"https:\/\/educacion.udd.cl\/cima\/files\/2025\/03\/agentes_mailing.jpg","contentUrl":"https:\/\/educacion.udd.cl\/cima\/files\/2025\/03\/agentes_mailing.jpg","width":1007,"height":356},{"@type":"BreadcrumbList","@id":"https:\/\/educacion.udd.cl\/cima\/2025\/03\/10\/educacion-udd-lanza-segunda-version-del-programa-agentes-de-cambio\/#breadcrumb","itemListElement":[{"@type":"ListItem","position":1,"name":"Portada","item":"https:\/\/educacion.udd.cl\/cima\/"},{"@type":"ListItem","position":2,"name":"Educaci\u00f3n UDD lanza segunda versi\u00f3n del programa Agentes de cambio"}]},{"@type":"WebSite","@id":"https:\/\/educacion.udd.cl\/cima\/#website","url":"https:\/\/educacion.udd.cl\/cima\/","name":"CIMA","description":"","inLanguage":"es"},{"@type":"Person","@id":"https:\/\/educacion.udd.cl\/cima\/#\/schema\/person\/3aefcae87945fe9ede94cc7f7cb5c1a7","name":"claudiagodia","image":{"@type":"ImageObject","inLanguage":"es","@id":"https:\/\/educacion.udd.cl\/cima\/#\/schema\/person\/image\/","url":"https:\/\/secure.gravatar.com\/avatar\/c7c585f20c9cd5b1fc8956abfd060f1af449288eb4e630466a5a53a84641a9ca?s=96&d=mm&r=g","contentUrl":"https:\/\/secure.gravatar.com\/avatar\/c7c585f20c9cd5b1fc8956abfd060f1af449288eb4e630466a5a53a84641a9ca?s=96&d=mm&r=g","caption":"claudiagodia"},"url":"https:\/\/educacion.udd.cl\/cima\/author\/claudiagodia\/"}]}},"featured_image_url":"https:\/\/educacion.udd.cl\/cima\/files\/2025\/03\/agentes_mailing.jpg","_links":{"self":[{"href":"https:\/\/educacion.udd.cl\/cima\/wp-json\/wp\/v2\/posts\/754","targetHints":{"allow":["GET"]}}],"collection":[{"href":"https:\/\/educacion.udd.cl\/cima\/wp-json\/wp\/v2\/posts"}],"about":[{"href":"https:\/\/educacion.udd.cl\/cima\/wp-json\/wp\/v2\/types\/post"}],"author":[{"embeddable":true,"href":"https:\/\/educacion.udd.cl\/cima\/wp-json\/wp\/v2\/users\/39"}],"replies":[{"embeddable":true,"href":"https:\/\/educacion.udd.cl\/cima\/wp-json\/wp\/v2\/comments?post=754"}],"version-history":[{"count":1,"href":"https:\/\/educacion.udd.cl\/cima\/wp-json\/wp\/v2\/posts\/754\/revisions"}],"predecessor-version":[{"id":756,"href":"https:\/\/educacion.udd.cl\/cima\/wp-json\/wp\/v2\/posts\/754\/revisions\/756"}],"wp:featuredmedia":[{"embeddable":true,"href":"https:\/\/educacion.udd.cl\/cima\/wp-json\/wp\/v2\/media\/755"}],"wp:attachment":[{"href":"https:\/\/educacion.udd.cl\/cima\/wp-json\/wp\/v2\/media?parent=754"}],"wp:term":[{"taxonomy":"category","embeddable":true,"href":"https:\/\/educacion.udd.cl\/cima\/wp-json\/wp\/v2\/categories?post=754"},{"taxonomy":"post_tag","embeddable":true,"href":"https:\/\/educacion.udd.cl\/cima\/wp-json\/wp\/v2\/tags?post=754"}],"curies":[{"name":"wp","href":"https:\/\/api.w.org\/{rel}","templated":true}]}}