{"id":746,"date":"2024-12-31T11:15:38","date_gmt":"2024-12-31T14:15:38","guid":{"rendered":"https:\/\/educacion.udd.cl\/cima\/?p=746"},"modified":"2025-01-02T12:05:33","modified_gmt":"2025-01-02T15:05:33","slug":"directora-academica-de-cima-se-adjudica-fondecyt-de-iniciacion-2025","status":"publish","type":"post","link":"https:\/\/educacion.udd.cl\/cima\/2024\/12\/31\/directora-academica-de-cima-se-adjudica-fondecyt-de-iniciacion-2025\/","title":{"rendered":"Directora acad\u00e9mica de CIMA se adjudica Fondecyt de Iniciaci\u00f3n 2025"},"content":{"rendered":"\n<p><em>El proyecto busca evidenciar un aumento en la motivaci\u00f3n y el compromiso lector en adolescentes y sus padres, con mejoras correlativas en el desempe\u00f1o lector de los j\u00f3venes.<\/em><\/p>\n\n\n\n<p>Montserrat Cubillos, directora acad\u00e9mica del Centro de Investigaci\u00f3n para la Mejora de los Aprendizajes (CIMA), de la Facultad de Educaci\u00f3n UDD, se adjudic\u00f3 un Fondecyt de Iniciaci\u00f3n 2025, con un innovador proyecto que busca abordar la baja motivaci\u00f3n lectora y el infrecuente h\u00e1bito de lectura recreativa entre adolescentes chilenos.<\/p>\n\n\n\n<p><strong>\u201cEl 41% de los adolescentes en Chile no lee por gusto\u201d, explica la investigadora Montserrat Cubillos, destacando que es \u201cuna situaci\u00f3n que tiene profundas implicaciones en el bienestar y el desempe\u00f1o acad\u00e9mico de los j\u00f3venes. La lectura recreativa est\u00e1 asociada con numerosos beneficios cognitivos, emocionales y sociales, por lo que este proyecto propone una intervenci\u00f3n experimental que involucra directamente a padres y apoderados para revertir esta tendencia\u201d.<\/strong><\/p>\n\n\n\n<p>Frente a esto, el proyecto \u201cPromoci\u00f3n de la lectura de adolescentes v\u00eda participaci\u00f3n de sus apoderados en comunidades lectoras virtuales\u201d, se enmarca en la Teor\u00eda de la Autodeterminaci\u00f3n, que postula que la motivaci\u00f3n intr\u00ednseca puede potenciarse al satisfacer las necesidades de autonom\u00eda, competencia y relaci\u00f3n. Con base en esta teor\u00eda, el estudio se enfocar\u00e1 en c\u00f3mo los h\u00e1bitos lectores de los padres y apoderados pueden influir positivamente en la motivaci\u00f3n y frecuencia de lectura de sus hijos.<\/p>\n\n\n\n<p>La directora acad\u00e9mica de CIMA explica que la investigaci\u00f3n destaca por dos aspectos novedosos: <strong>\u201cprobar experimentalmente si es posible incrementar la motivaci\u00f3n lectora y la frecuencia de lectura de los adolescentes a trav\u00e9s de intervenciones dirigidas a sus padres, y centrar el an\u00e1lisis en las influencias del hogar, un \u00e1mbito menos explorado en comparaci\u00f3n con el entorno escolar\u201d.<\/strong><\/p>\n\n\n\n<p>El estudio contar\u00e1 con la participaci\u00f3n de 200 padres y apoderados de estudiantes entre 12 y 16 a\u00f1os provenientes de escuelas p\u00fablicas. La intervenci\u00f3n consistir\u00e1 en formar comunidades lectoras virtuales guiadas por facilitadores, quienes promover\u00e1n actividades como leer frente a los hijos, compartir lecturas y discutir sobre libros seleccionados espec\u00edficamente para captar el inter\u00e9s tanto de adolescentes como de adultos.<\/p>\n\n\n\n<p><strong>\u201cCon el Fondecyt de Iniciaci\u00f3n 2025, CIMA reafirma su intenci\u00f3n de impulsar investigaciones innovadoras que incidan directamente en los aprendizajes de los estudiantes en Chile\u201d, concluye Montserrat Cubillos.<\/strong><\/p>\n","protected":false},"excerpt":{"rendered":"<p>El proyecto busca evidenciar un aumento en la motivaci\u00f3n y el compromiso lector en adolescentes y sus padres, con mejoras correlativas en el desempe\u00f1o lector de los j\u00f3venes. Montserrat Cubillos, directora acad\u00e9mica del Centro de Investigaci\u00f3n para la Mejora de los Aprendizajes (CIMA), de la Facultad de Educaci\u00f3n UDD, se adjudic\u00f3 un Fondecyt de Iniciaci\u00f3n [&hellip;]<\/p>\n","protected":false},"author":39,"featured_media":231,"comment_status":"closed","ping_status":"open","sticky":false,"template":"","format":"standard","meta":{"footnotes":""},"categories":[9],"tags":[],"class_list":["post-746","post","type-post","status-publish","format-standard","has-post-thumbnail","hentry","category-noticias"],"yoast_head":"<!-- This site is optimized with the Yoast SEO plugin v26.9 - https:\/\/yoast.com\/product\/yoast-seo-wordpress\/ -->\n<title>Directora acad\u00e9mica de CIMA se adjudica Fondecyt de Iniciaci\u00f3n 2025 - CIMA<\/title>\n<meta name=\"robots\" content=\"index, follow, max-snippet:-1, max-image-preview:large, max-video-preview:-1\" \/>\n<link rel=\"canonical\" href=\"https:\/\/educacion.udd.cl\/cima\/2024\/12\/31\/directora-academica-de-cima-se-adjudica-fondecyt-de-iniciacion-2025\/\" \/>\n<meta property=\"og:locale\" content=\"es_ES\" \/>\n<meta property=\"og:type\" content=\"article\" \/>\n<meta property=\"og:title\" content=\"Directora acad\u00e9mica de CIMA se adjudica Fondecyt de Iniciaci\u00f3n 2025 - CIMA\" \/>\n<meta property=\"og:description\" content=\"El proyecto busca evidenciar un aumento en la motivaci\u00f3n y el compromiso lector en adolescentes y sus padres, con mejoras correlativas en el desempe\u00f1o lector de los j\u00f3venes. Montserrat Cubillos, directora acad\u00e9mica del Centro de Investigaci\u00f3n para la Mejora de los Aprendizajes (CIMA), de la Facultad de Educaci\u00f3n UDD, se adjudic\u00f3 un Fondecyt de Iniciaci\u00f3n [&hellip;]\" \/>\n<meta property=\"og:url\" content=\"https:\/\/educacion.udd.cl\/cima\/2024\/12\/31\/directora-academica-de-cima-se-adjudica-fondecyt-de-iniciacion-2025\/\" \/>\n<meta property=\"og:site_name\" content=\"CIMA\" \/>\n<meta property=\"article:published_time\" content=\"2024-12-31T14:15:38+00:00\" \/>\n<meta property=\"article:modified_time\" content=\"2025-01-02T15:05:33+00:00\" \/>\n<meta property=\"og:image\" content=\"http:\/\/educacion.udd.cl\/cima\/files\/2024\/03\/equipo-udd178-scaled.jpg\" \/>\n\t<meta property=\"og:image:width\" content=\"1703\" \/>\n\t<meta property=\"og:image:height\" content=\"2560\" \/>\n\t<meta property=\"og:image:type\" content=\"image\/jpeg\" \/>\n<meta name=\"author\" content=\"claudiagodia\" \/>\n<meta name=\"twitter:card\" content=\"summary_large_image\" \/>\n<meta name=\"twitter:label1\" content=\"Escrito por\" \/>\n\t<meta name=\"twitter:data1\" content=\"claudiagodia\" \/>\n\t<meta name=\"twitter:label2\" content=\"Tiempo de lectura\" \/>\n\t<meta name=\"twitter:data2\" content=\"2 minutos\" \/>\n<script type=\"application\/ld+json\" class=\"yoast-schema-graph\">{\"@context\":\"https:\/\/schema.org\",\"@graph\":[{\"@type\":\"Article\",\"@id\":\"https:\/\/educacion.udd.cl\/cima\/2024\/12\/31\/directora-academica-de-cima-se-adjudica-fondecyt-de-iniciacion-2025\/#article\",\"isPartOf\":{\"@id\":\"https:\/\/educacion.udd.cl\/cima\/2024\/12\/31\/directora-academica-de-cima-se-adjudica-fondecyt-de-iniciacion-2025\/\"},\"author\":{\"name\":\"claudiagodia\",\"@id\":\"https:\/\/educacion.udd.cl\/cima\/#\/schema\/person\/3aefcae87945fe9ede94cc7f7cb5c1a7\"},\"headline\":\"Directora acad\u00e9mica de CIMA se adjudica Fondecyt de Iniciaci\u00f3n 2025\",\"datePublished\":\"2024-12-31T14:15:38+00:00\",\"dateModified\":\"2025-01-02T15:05:33+00:00\",\"mainEntityOfPage\":{\"@id\":\"https:\/\/educacion.udd.cl\/cima\/2024\/12\/31\/directora-academica-de-cima-se-adjudica-fondecyt-de-iniciacion-2025\/\"},\"wordCount\":414,\"image\":{\"@id\":\"https:\/\/educacion.udd.cl\/cima\/2024\/12\/31\/directora-academica-de-cima-se-adjudica-fondecyt-de-iniciacion-2025\/#primaryimage\"},\"thumbnailUrl\":\"https:\/\/educacion.udd.cl\/cima\/files\/2024\/03\/equipo-udd178-scaled.jpg\",\"articleSection\":[\"noticias\"],\"inLanguage\":\"es\"},{\"@type\":\"WebPage\",\"@id\":\"https:\/\/educacion.udd.cl\/cima\/2024\/12\/31\/directora-academica-de-cima-se-adjudica-fondecyt-de-iniciacion-2025\/\",\"url\":\"https:\/\/educacion.udd.cl\/cima\/2024\/12\/31\/directora-academica-de-cima-se-adjudica-fondecyt-de-iniciacion-2025\/\",\"name\":\"Directora acad\u00e9mica de CIMA se adjudica Fondecyt de Iniciaci\u00f3n 2025 - CIMA\",\"isPartOf\":{\"@id\":\"https:\/\/educacion.udd.cl\/cima\/#website\"},\"primaryImageOfPage\":{\"@id\":\"https:\/\/educacion.udd.cl\/cima\/2024\/12\/31\/directora-academica-de-cima-se-adjudica-fondecyt-de-iniciacion-2025\/#primaryimage\"},\"image\":{\"@id\":\"https:\/\/educacion.udd.cl\/cima\/2024\/12\/31\/directora-academica-de-cima-se-adjudica-fondecyt-de-iniciacion-2025\/#primaryimage\"},\"thumbnailUrl\":\"https:\/\/educacion.udd.cl\/cima\/files\/2024\/03\/equipo-udd178-scaled.jpg\",\"datePublished\":\"2024-12-31T14:15:38+00:00\",\"dateModified\":\"2025-01-02T15:05:33+00:00\",\"author\":{\"@id\":\"https:\/\/educacion.udd.cl\/cima\/#\/schema\/person\/3aefcae87945fe9ede94cc7f7cb5c1a7\"},\"breadcrumb\":{\"@id\":\"https:\/\/educacion.udd.cl\/cima\/2024\/12\/31\/directora-academica-de-cima-se-adjudica-fondecyt-de-iniciacion-2025\/#breadcrumb\"},\"inLanguage\":\"es\",\"potentialAction\":[{\"@type\":\"ReadAction\",\"target\":[\"https:\/\/educacion.udd.cl\/cima\/2024\/12\/31\/directora-academica-de-cima-se-adjudica-fondecyt-de-iniciacion-2025\/\"]}]},{\"@type\":\"ImageObject\",\"inLanguage\":\"es\",\"@id\":\"https:\/\/educacion.udd.cl\/cima\/2024\/12\/31\/directora-academica-de-cima-se-adjudica-fondecyt-de-iniciacion-2025\/#primaryimage\",\"url\":\"https:\/\/educacion.udd.cl\/cima\/files\/2024\/03\/equipo-udd178-scaled.jpg\",\"contentUrl\":\"https:\/\/educacion.udd.cl\/cima\/files\/2024\/03\/equipo-udd178-scaled.jpg\",\"width\":1703,\"height\":2560},{\"@type\":\"BreadcrumbList\",\"@id\":\"https:\/\/educacion.udd.cl\/cima\/2024\/12\/31\/directora-academica-de-cima-se-adjudica-fondecyt-de-iniciacion-2025\/#breadcrumb\",\"itemListElement\":[{\"@type\":\"ListItem\",\"position\":1,\"name\":\"Portada\",\"item\":\"https:\/\/educacion.udd.cl\/cima\/\"},{\"@type\":\"ListItem\",\"position\":2,\"name\":\"Directora acad\u00e9mica de CIMA se adjudica Fondecyt de Iniciaci\u00f3n 2025\"}]},{\"@type\":\"WebSite\",\"@id\":\"https:\/\/educacion.udd.cl\/cima\/#website\",\"url\":\"https:\/\/educacion.udd.cl\/cima\/\",\"name\":\"CIMA\",\"description\":\"\",\"inLanguage\":\"es\"},{\"@type\":\"Person\",\"@id\":\"https:\/\/educacion.udd.cl\/cima\/#\/schema\/person\/3aefcae87945fe9ede94cc7f7cb5c1a7\",\"name\":\"claudiagodia\",\"image\":{\"@type\":\"ImageObject\",\"inLanguage\":\"es\",\"@id\":\"https:\/\/educacion.udd.cl\/cima\/#\/schema\/person\/image\/\",\"url\":\"https:\/\/secure.gravatar.com\/avatar\/c7c585f20c9cd5b1fc8956abfd060f1af449288eb4e630466a5a53a84641a9ca?s=96&d=mm&r=g\",\"contentUrl\":\"https:\/\/secure.gravatar.com\/avatar\/c7c585f20c9cd5b1fc8956abfd060f1af449288eb4e630466a5a53a84641a9ca?s=96&d=mm&r=g\",\"caption\":\"claudiagodia\"},\"url\":\"https:\/\/educacion.udd.cl\/cima\/author\/claudiagodia\/\"}]}<\/script>\n<!-- \/ Yoast SEO plugin. -->","yoast_head_json":{"title":"Directora acad\u00e9mica de CIMA se adjudica Fondecyt de Iniciaci\u00f3n 2025 - CIMA","robots":{"index":"index","follow":"follow","max-snippet":"max-snippet:-1","max-image-preview":"max-image-preview:large","max-video-preview":"max-video-preview:-1"},"canonical":"https:\/\/educacion.udd.cl\/cima\/2024\/12\/31\/directora-academica-de-cima-se-adjudica-fondecyt-de-iniciacion-2025\/","og_locale":"es_ES","og_type":"article","og_title":"Directora acad\u00e9mica de CIMA se adjudica Fondecyt de Iniciaci\u00f3n 2025 - CIMA","og_description":"El proyecto busca evidenciar un aumento en la motivaci\u00f3n y el compromiso lector en adolescentes y sus padres, con mejoras correlativas en el desempe\u00f1o lector de los j\u00f3venes. Montserrat Cubillos, directora acad\u00e9mica del Centro de Investigaci\u00f3n para la Mejora de los Aprendizajes (CIMA), de la Facultad de Educaci\u00f3n UDD, se adjudic\u00f3 un Fondecyt de Iniciaci\u00f3n [&hellip;]","og_url":"https:\/\/educacion.udd.cl\/cima\/2024\/12\/31\/directora-academica-de-cima-se-adjudica-fondecyt-de-iniciacion-2025\/","og_site_name":"CIMA","article_published_time":"2024-12-31T14:15:38+00:00","article_modified_time":"2025-01-02T15:05:33+00:00","og_image":[{"width":1703,"height":2560,"url":"http:\/\/educacion.udd.cl\/cima\/files\/2024\/03\/equipo-udd178-scaled.jpg","type":"image\/jpeg"}],"author":"claudiagodia","twitter_card":"summary_large_image","twitter_misc":{"Escrito por":"claudiagodia","Tiempo de lectura":"2 minutos"},"schema":{"@context":"https:\/\/schema.org","@graph":[{"@type":"Article","@id":"https:\/\/educacion.udd.cl\/cima\/2024\/12\/31\/directora-academica-de-cima-se-adjudica-fondecyt-de-iniciacion-2025\/#article","isPartOf":{"@id":"https:\/\/educacion.udd.cl\/cima\/2024\/12\/31\/directora-academica-de-cima-se-adjudica-fondecyt-de-iniciacion-2025\/"},"author":{"name":"claudiagodia","@id":"https:\/\/educacion.udd.cl\/cima\/#\/schema\/person\/3aefcae87945fe9ede94cc7f7cb5c1a7"},"headline":"Directora acad\u00e9mica de CIMA se adjudica Fondecyt de Iniciaci\u00f3n 2025","datePublished":"2024-12-31T14:15:38+00:00","dateModified":"2025-01-02T15:05:33+00:00","mainEntityOfPage":{"@id":"https:\/\/educacion.udd.cl\/cima\/2024\/12\/31\/directora-academica-de-cima-se-adjudica-fondecyt-de-iniciacion-2025\/"},"wordCount":414,"image":{"@id":"https:\/\/educacion.udd.cl\/cima\/2024\/12\/31\/directora-academica-de-cima-se-adjudica-fondecyt-de-iniciacion-2025\/#primaryimage"},"thumbnailUrl":"https:\/\/educacion.udd.cl\/cima\/files\/2024\/03\/equipo-udd178-scaled.jpg","articleSection":["noticias"],"inLanguage":"es"},{"@type":"WebPage","@id":"https:\/\/educacion.udd.cl\/cima\/2024\/12\/31\/directora-academica-de-cima-se-adjudica-fondecyt-de-iniciacion-2025\/","url":"https:\/\/educacion.udd.cl\/cima\/2024\/12\/31\/directora-academica-de-cima-se-adjudica-fondecyt-de-iniciacion-2025\/","name":"Directora acad\u00e9mica de CIMA se adjudica Fondecyt de Iniciaci\u00f3n 2025 - CIMA","isPartOf":{"@id":"https:\/\/educacion.udd.cl\/cima\/#website"},"primaryImageOfPage":{"@id":"https:\/\/educacion.udd.cl\/cima\/2024\/12\/31\/directora-academica-de-cima-se-adjudica-fondecyt-de-iniciacion-2025\/#primaryimage"},"image":{"@id":"https:\/\/educacion.udd.cl\/cima\/2024\/12\/31\/directora-academica-de-cima-se-adjudica-fondecyt-de-iniciacion-2025\/#primaryimage"},"thumbnailUrl":"https:\/\/educacion.udd.cl\/cima\/files\/2024\/03\/equipo-udd178-scaled.jpg","datePublished":"2024-12-31T14:15:38+00:00","dateModified":"2025-01-02T15:05:33+00:00","author":{"@id":"https:\/\/educacion.udd.cl\/cima\/#\/schema\/person\/3aefcae87945fe9ede94cc7f7cb5c1a7"},"breadcrumb":{"@id":"https:\/\/educacion.udd.cl\/cima\/2024\/12\/31\/directora-academica-de-cima-se-adjudica-fondecyt-de-iniciacion-2025\/#breadcrumb"},"inLanguage":"es","potentialAction":[{"@type":"ReadAction","target":["https:\/\/educacion.udd.cl\/cima\/2024\/12\/31\/directora-academica-de-cima-se-adjudica-fondecyt-de-iniciacion-2025\/"]}]},{"@type":"ImageObject","inLanguage":"es","@id":"https:\/\/educacion.udd.cl\/cima\/2024\/12\/31\/directora-academica-de-cima-se-adjudica-fondecyt-de-iniciacion-2025\/#primaryimage","url":"https:\/\/educacion.udd.cl\/cima\/files\/2024\/03\/equipo-udd178-scaled.jpg","contentUrl":"https:\/\/educacion.udd.cl\/cima\/files\/2024\/03\/equipo-udd178-scaled.jpg","width":1703,"height":2560},{"@type":"BreadcrumbList","@id":"https:\/\/educacion.udd.cl\/cima\/2024\/12\/31\/directora-academica-de-cima-se-adjudica-fondecyt-de-iniciacion-2025\/#breadcrumb","itemListElement":[{"@type":"ListItem","position":1,"name":"Portada","item":"https:\/\/educacion.udd.cl\/cima\/"},{"@type":"ListItem","position":2,"name":"Directora acad\u00e9mica de CIMA se adjudica Fondecyt de Iniciaci\u00f3n 2025"}]},{"@type":"WebSite","@id":"https:\/\/educacion.udd.cl\/cima\/#website","url":"https:\/\/educacion.udd.cl\/cima\/","name":"CIMA","description":"","inLanguage":"es"},{"@type":"Person","@id":"https:\/\/educacion.udd.cl\/cima\/#\/schema\/person\/3aefcae87945fe9ede94cc7f7cb5c1a7","name":"claudiagodia","image":{"@type":"ImageObject","inLanguage":"es","@id":"https:\/\/educacion.udd.cl\/cima\/#\/schema\/person\/image\/","url":"https:\/\/secure.gravatar.com\/avatar\/c7c585f20c9cd5b1fc8956abfd060f1af449288eb4e630466a5a53a84641a9ca?s=96&d=mm&r=g","contentUrl":"https:\/\/secure.gravatar.com\/avatar\/c7c585f20c9cd5b1fc8956abfd060f1af449288eb4e630466a5a53a84641a9ca?s=96&d=mm&r=g","caption":"claudiagodia"},"url":"https:\/\/educacion.udd.cl\/cima\/author\/claudiagodia\/"}]}},"featured_image_url":"https:\/\/educacion.udd.cl\/cima\/files\/2024\/03\/equipo-udd178-scaled.jpg","_links":{"self":[{"href":"https:\/\/educacion.udd.cl\/cima\/wp-json\/wp\/v2\/posts\/746","targetHints":{"allow":["GET"]}}],"collection":[{"href":"https:\/\/educacion.udd.cl\/cima\/wp-json\/wp\/v2\/posts"}],"about":[{"href":"https:\/\/educacion.udd.cl\/cima\/wp-json\/wp\/v2\/types\/post"}],"author":[{"embeddable":true,"href":"https:\/\/educacion.udd.cl\/cima\/wp-json\/wp\/v2\/users\/39"}],"replies":[{"embeddable":true,"href":"https:\/\/educacion.udd.cl\/cima\/wp-json\/wp\/v2\/comments?post=746"}],"version-history":[{"count":1,"href":"https:\/\/educacion.udd.cl\/cima\/wp-json\/wp\/v2\/posts\/746\/revisions"}],"predecessor-version":[{"id":747,"href":"https:\/\/educacion.udd.cl\/cima\/wp-json\/wp\/v2\/posts\/746\/revisions\/747"}],"wp:featuredmedia":[{"embeddable":true,"href":"https:\/\/educacion.udd.cl\/cima\/wp-json\/wp\/v2\/media\/231"}],"wp:attachment":[{"href":"https:\/\/educacion.udd.cl\/cima\/wp-json\/wp\/v2\/media?parent=746"}],"wp:term":[{"taxonomy":"category","embeddable":true,"href":"https:\/\/educacion.udd.cl\/cima\/wp-json\/wp\/v2\/categories?post=746"},{"taxonomy":"post_tag","embeddable":true,"href":"https:\/\/educacion.udd.cl\/cima\/wp-json\/wp\/v2\/tags?post=746"}],"curies":[{"name":"wp","href":"https:\/\/api.w.org\/{rel}","templated":true}]}}