{"id":631,"date":"2024-11-04T12:38:46","date_gmt":"2024-11-04T15:38:46","guid":{"rendered":"https:\/\/educacion.udd.cl\/cima\/?p=631"},"modified":"2024-11-21T12:39:42","modified_gmt":"2024-11-21T15:39:42","slug":"investigadora-cima-expone-avances-de-proyecto-fonis-enfocado-en-obesidad-infantil","status":"publish","type":"post","link":"https:\/\/educacion.udd.cl\/cima\/2024\/11\/04\/investigadora-cima-expone-avances-de-proyecto-fonis-enfocado-en-obesidad-infantil\/","title":{"rendered":"Investigadora CIMA expone avances de proyecto FONIS enfocado en obesidad infantil"},"content":{"rendered":"\n<p><em>Josefina Larra\u00edn tuvo la oportunidad de presentar en tres instancias internacionales los resultados de su investigaci\u00f3n, realizadas en las ciudades de Buenos Aires, Concepci\u00f3n y Chill\u00e1n.<\/em><\/p>\n\n\n\n<p>La jefa de la l\u00ednea de inclusi\u00f3n del Centro de Investigaci\u00f3n para la Mejora de los Aprendizajes, CIMA, de la Facultad de Educaci\u00f3n UDD, Dra. Josefina Larra\u00edn, present\u00f3 los resultados preliminares de la primera fase de implementaci\u00f3n del Proyecto FONIS SA23I0167, &nbsp;\u00abEfectividad de la terapia parental apoyada con psicomotricidad cl\u00ednica en la autorregulaci\u00f3n de ni\u00f1os y ni\u00f1as con sobrepeso u obesidad para incrementar h\u00e1bitos saludables\u00bb, en el Primer Congreso Internacional de Psicomotricidad de la Ciudad Aut\u00f3noma de Buenos Aires, Argentina, con m\u00e1s de 800 participantes.<\/p>\n\n\n\n<p>La ponencia se realiz\u00f3 en el marco de la mesa de trabajo denominada \u00abLo Grupal en la terapia psicomotriz en infancias, adolescencias y adultos\u00bb, con la participaci\u00f3n de investigadores de diversas partes del mundo, liderado por el Dr. Juan Mila.<\/p>\n\n\n\n<p>Asimismo, la acad\u00e9mica particip\u00f3 en el Seminario Internacional Abordaje Interdisciplinar de la Obesidad: Un Desaf\u00edo para las Pol\u00edticas P\u00fablicas, con los avances del mismo proyecto. Este encuentro fue organizado por la Universidad de B\u00edo-B\u00edo, sede Chill\u00e1n, y abord\u00f3 tem\u00e1ticas sobre trayectorias alimentarias de mujeres y malnutrici\u00f3n por exceso con la acad\u00e9mica internacional Dra. Patricia Moretti. Adem\u00e1s, la gestora del encuentro y directora alterna del proyecto, la Dra. Andrea Palma, entreg\u00f3 un marco conceptual sobre las Pol\u00edticas P\u00fablicas en obesidad de nuestro pa\u00eds.<\/p>\n\n\n<section class=\"wp-block-udd-gallery-carousel wp-carousel-gallery\">\n\t<div class=\"container\">\n\t\t<div\n\t\t\tclass=\"slick-carousel gallery-slick-carousel gallery-carousel--1\"\n\t\t\tdata-slick='{&quot;slidesToScroll&quot;:1,&quot;slidesToShow&quot;:1,&quot;appendDots&quot;:&quot;#dots-69f1b52a96f53&quot;,&quot;prevArrow&quot;:&quot;&lt;button type=\\&quot;button\\&quot; class=\\&quot;btn btn-primary slick-prev\\&quot;&gt;&lt;svg class=\\&quot;svg-chevron-left-dims\\&quot;&gt;&lt;use xlink:href=&#039;https:\\\/\\\/educacion.udd.cl\\\/cima\\\/wp-content\\\/themes\\\/facultades-2018\\\/assets\\\/img\\\/svg\\\/dist\\\/main.svg?version=1695853099#chevron-left&#039;&gt;&lt;\\\/use&gt;&lt;\\\/svg&gt;&lt;span class=\\&quot;sr-only\\&quot;&gt;Anterior&lt;\\\/span&gt;&lt;\\\/button&gt;&quot;,&quot;nextArrow&quot;:&quot;&lt;button type=\\&quot;button\\&quot; class=\\&quot;btn btn-primary slick-next\\&quot;&gt;&lt;svg class=\\&quot;svg-chevron-right-dims\\&quot;&gt;&lt;use xlink:href=&#039;https:\\\/\\\/educacion.udd.cl\\\/cima\\\/wp-content\\\/themes\\\/facultades-2018\\\/assets\\\/img\\\/svg\\\/dist\\\/main.svg?version=1695853099#chevron-right&#039;&gt;&lt;\\\/use&gt;&lt;\\\/svg&gt;&lt;span class=\\&quot;sr-only\\&quot;&gt;Siguiente&lt;\\\/span&gt;&lt;\\\/button&gt;&quot;,&quot;infinite&quot;:true,&quot;dots&quot;:true}'\n\t\t>\n\t\t\t\t\t\t\t<figure>\n\t\t\t\t\t<img loading=\"lazy\" decoding=\"async\" width=\"1280\" height=\"720\" src=\"https:\/\/educacion.udd.cl\/cima\/wp-content\/plugins\/wp-async-img-load\/blank.png\" class=\"attachment-1280x720 size-1280x720 lazyload\" alt=\"\" sizes=\"auto, (max-width: 1280px) 100vw, 1280px\" data-src=\"https:\/\/educacion.udd.cl\/cima\/files\/2024\/11\/coloquio-2_josefina-larrain-val-1366x768.jpeg\" data-srcset=\"https:\/\/educacion.udd.cl\/cima\/files\/2024\/11\/coloquio-2_josefina-larrain-val-1366x768.jpeg 1366w, https:\/\/educacion.udd.cl\/cima\/files\/2024\/11\/coloquio-2_josefina-larrain-val-680x382.jpeg 680w\" \/>\t\t\t\t\t\t\t\t\t<\/figure>\n\t\t\t\t\t\t\t<figure>\n\t\t\t\t\t<img loading=\"lazy\" decoding=\"async\" width=\"1280\" height=\"720\" src=\"https:\/\/educacion.udd.cl\/cima\/wp-content\/plugins\/wp-async-img-load\/blank.png\" class=\"attachment-1280x720 size-1280x720 lazyload\" alt=\"\" sizes=\"auto, (max-width: 1280px) 100vw, 1280px\" data-src=\"https:\/\/educacion.udd.cl\/cima\/files\/2024\/11\/coloquio-3_josefina-larrain-val-1366x768.jpeg\" data-srcset=\"https:\/\/educacion.udd.cl\/cima\/files\/2024\/11\/coloquio-3_josefina-larrain-val-1366x768.jpeg 1366w, https:\/\/educacion.udd.cl\/cima\/files\/2024\/11\/coloquio-3_josefina-larrain-val-680x382.jpeg 680w\" \/>\t\t\t\t\t\t\t\t\t<\/figure>\n\t\t\t\t\t\t\t<figure>\n\t\t\t\t\t<img loading=\"lazy\" decoding=\"async\" width=\"1280\" height=\"720\" src=\"https:\/\/educacion.udd.cl\/cima\/wp-content\/plugins\/wp-async-img-load\/blank.png\" class=\"attachment-1280x720 size-1280x720 lazyload\" alt=\"\" sizes=\"auto, (max-width: 1280px) 100vw, 1280px\" data-src=\"https:\/\/educacion.udd.cl\/cima\/files\/2024\/11\/whatsapp-image-2024-10-19-at-11-45-20-1_josefina-larrain-val-1366x768.jpeg\" data-srcset=\"https:\/\/educacion.udd.cl\/cima\/files\/2024\/11\/whatsapp-image-2024-10-19-at-11-45-20-1_josefina-larrain-val-1366x768.jpeg 1366w, https:\/\/educacion.udd.cl\/cima\/files\/2024\/11\/whatsapp-image-2024-10-19-at-11-45-20-1_josefina-larrain-val-680x382.jpeg 680w\" \/>\t\t\t\t\t\t\t\t\t<\/figure>\n\t\t\t\t\t\t\t<figure>\n\t\t\t\t\t<img loading=\"lazy\" decoding=\"async\" width=\"960\" height=\"720\" src=\"https:\/\/educacion.udd.cl\/cima\/wp-content\/plugins\/wp-async-img-load\/blank.png\" class=\"attachment-1280x720 size-1280x720 lazyload\" alt=\"\" sizes=\"auto, (max-width: 960px) 100vw, 960px\" data-src=\"https:\/\/educacion.udd.cl\/cima\/files\/2024\/11\/whatsapp-image-2024-10-19-at-11-45-21_josefina-larrain-val.jpeg\" data-srcset=\"https:\/\/educacion.udd.cl\/cima\/files\/2024\/11\/whatsapp-image-2024-10-19-at-11-45-21_josefina-larrain-val.jpeg 1280w, https:\/\/educacion.udd.cl\/cima\/files\/2024\/11\/whatsapp-image-2024-10-19-at-11-45-21_josefina-larrain-val-300x225.jpeg 300w, https:\/\/educacion.udd.cl\/cima\/files\/2024\/11\/whatsapp-image-2024-10-19-at-11-45-21_josefina-larrain-val-1024x768.jpeg 1024w, https:\/\/educacion.udd.cl\/cima\/files\/2024\/11\/whatsapp-image-2024-10-19-at-11-45-21_josefina-larrain-val-768x576.jpeg 768w\" \/>\t\t\t\t\t\t\t\t\t<\/figure>\n\t\t\t\t\t<\/div>\n\t\t<div\n\t\t\tclass=\"carousel-gallery--carousel-dots\"\n\t\t\tid=\"dots-69f1b52a96f53\"\n\t\t><\/div>\n\t<\/div>\n<\/section>\n\n\n\n<p>\u201cEste encuentro posicion\u00f3 el trabajo de investigaci\u00f3n cient\u00edfica en materias de psicomotricidad e intervenciones familiares\u201d, explic\u00f3 Dra. Josefina Larra\u00edn, agregando que \u201ca nivel mundial, el abordaje en problem\u00e1ticas en torno al sobrepeso u obesidad infantil es muy relevante, por lo que los resultados de nuestra investigaci\u00f3n, sin duda generan un aporte para enfrentar este desaf\u00edo. Estas conflictivas se vinculan con determinantes los sociales de la salud, los cuales como sociedad debemos dar respuestas\u201d.<\/p>\n\n\n\n<p>\u201cLos avances que muestra nuestro proyecto FONIS SA23I0167, destacan que los apoyos en ni\u00f1os, ni\u00f1as, adolescentes y las familias son cruciales para mejorar la capacidad de autorregulaci\u00f3n a trav\u00e9s del movimiento y juego espont\u00e1neo como respuestas a las exigencias del ambiente, como una forma de promover el afrontamiento de las problem\u00e1ticas y el incremento de h\u00e1bitos m\u00e1s saludables\u201d, concluy\u00f3 la investigadora.<\/p>\n","protected":false},"excerpt":{"rendered":"<p>Josefina Larra\u00edn tuvo la oportunidad de presentar en tres instancias internacionales los resultados de su investigaci\u00f3n, realizadas en las ciudades de Buenos Aires, Concepci\u00f3n y Chill\u00e1n. La jefa de la l\u00ednea de inclusi\u00f3n del Centro de Investigaci\u00f3n para la Mejora de los Aprendizajes, CIMA, de la Facultad de Educaci\u00f3n UDD, Dra. Josefina Larra\u00edn, present\u00f3 los [&hellip;]<\/p>\n","protected":false},"author":39,"featured_media":632,"comment_status":"closed","ping_status":"open","sticky":false,"template":"","format":"standard","meta":{"footnotes":""},"categories":[9],"tags":[],"class_list":["post-631","post","type-post","status-publish","format-standard","has-post-thumbnail","hentry","category-noticias"],"yoast_head":"<!-- This site is optimized with the Yoast SEO plugin v26.9 - https:\/\/yoast.com\/product\/yoast-seo-wordpress\/ -->\n<title>Investigadora CIMA expone avances de proyecto FONIS enfocado en obesidad infantil - CIMA<\/title>\n<meta name=\"robots\" content=\"index, follow, max-snippet:-1, max-image-preview:large, max-video-preview:-1\" \/>\n<link rel=\"canonical\" href=\"https:\/\/educacion.udd.cl\/cima\/2024\/11\/04\/investigadora-cima-expone-avances-de-proyecto-fonis-enfocado-en-obesidad-infantil\/\" \/>\n<meta property=\"og:locale\" content=\"es_ES\" \/>\n<meta property=\"og:type\" content=\"article\" \/>\n<meta property=\"og:title\" content=\"Investigadora CIMA expone avances de proyecto FONIS enfocado en obesidad infantil - CIMA\" \/>\n<meta property=\"og:description\" content=\"Josefina Larra\u00edn tuvo la oportunidad de presentar en tres instancias internacionales los resultados de su investigaci\u00f3n, realizadas en las ciudades de Buenos Aires, Concepci\u00f3n y Chill\u00e1n. La jefa de la l\u00ednea de inclusi\u00f3n del Centro de Investigaci\u00f3n para la Mejora de los Aprendizajes, CIMA, de la Facultad de Educaci\u00f3n UDD, Dra. Josefina Larra\u00edn, present\u00f3 los [&hellip;]\" \/>\n<meta property=\"og:url\" content=\"https:\/\/educacion.udd.cl\/cima\/2024\/11\/04\/investigadora-cima-expone-avances-de-proyecto-fonis-enfocado-en-obesidad-infantil\/\" \/>\n<meta property=\"og:site_name\" content=\"CIMA\" \/>\n<meta property=\"article:published_time\" content=\"2024-11-04T15:38:46+00:00\" \/>\n<meta property=\"article:modified_time\" content=\"2024-11-21T15:39:42+00:00\" \/>\n<meta property=\"og:image\" content=\"http:\/\/educacion.udd.cl\/cima\/files\/2024\/11\/whatsapp-image-2024-10-19-at-11-45-21_josefina-larrain-val.jpeg\" \/>\n\t<meta property=\"og:image:width\" content=\"1280\" \/>\n\t<meta property=\"og:image:height\" content=\"960\" \/>\n\t<meta property=\"og:image:type\" content=\"image\/jpeg\" \/>\n<meta name=\"author\" content=\"claudiagodia\" \/>\n<meta name=\"twitter:card\" content=\"summary_large_image\" \/>\n<meta name=\"twitter:label1\" content=\"Escrito por\" \/>\n\t<meta name=\"twitter:data1\" content=\"claudiagodia\" \/>\n\t<meta name=\"twitter:label2\" content=\"Tiempo de lectura\" \/>\n\t<meta name=\"twitter:data2\" content=\"3 minutos\" \/>\n<script type=\"application\/ld+json\" class=\"yoast-schema-graph\">{\"@context\":\"https:\/\/schema.org\",\"@graph\":[{\"@type\":\"Article\",\"@id\":\"https:\/\/educacion.udd.cl\/cima\/2024\/11\/04\/investigadora-cima-expone-avances-de-proyecto-fonis-enfocado-en-obesidad-infantil\/#article\",\"isPartOf\":{\"@id\":\"https:\/\/educacion.udd.cl\/cima\/2024\/11\/04\/investigadora-cima-expone-avances-de-proyecto-fonis-enfocado-en-obesidad-infantil\/\"},\"author\":{\"name\":\"claudiagodia\",\"@id\":\"https:\/\/educacion.udd.cl\/cima\/#\/schema\/person\/3aefcae87945fe9ede94cc7f7cb5c1a7\"},\"headline\":\"Investigadora CIMA expone avances de proyecto FONIS enfocado en obesidad infantil\",\"datePublished\":\"2024-11-04T15:38:46+00:00\",\"dateModified\":\"2024-11-21T15:39:42+00:00\",\"mainEntityOfPage\":{\"@id\":\"https:\/\/educacion.udd.cl\/cima\/2024\/11\/04\/investigadora-cima-expone-avances-de-proyecto-fonis-enfocado-en-obesidad-infantil\/\"},\"wordCount\":426,\"image\":{\"@id\":\"https:\/\/educacion.udd.cl\/cima\/2024\/11\/04\/investigadora-cima-expone-avances-de-proyecto-fonis-enfocado-en-obesidad-infantil\/#primaryimage\"},\"thumbnailUrl\":\"https:\/\/educacion.udd.cl\/cima\/files\/2024\/11\/whatsapp-image-2024-10-19-at-11-45-21_josefina-larrain-val.jpeg\",\"articleSection\":[\"noticias\"],\"inLanguage\":\"es\"},{\"@type\":\"WebPage\",\"@id\":\"https:\/\/educacion.udd.cl\/cima\/2024\/11\/04\/investigadora-cima-expone-avances-de-proyecto-fonis-enfocado-en-obesidad-infantil\/\",\"url\":\"https:\/\/educacion.udd.cl\/cima\/2024\/11\/04\/investigadora-cima-expone-avances-de-proyecto-fonis-enfocado-en-obesidad-infantil\/\",\"name\":\"Investigadora CIMA expone avances de proyecto FONIS enfocado en obesidad infantil - CIMA\",\"isPartOf\":{\"@id\":\"https:\/\/educacion.udd.cl\/cima\/#website\"},\"primaryImageOfPage\":{\"@id\":\"https:\/\/educacion.udd.cl\/cima\/2024\/11\/04\/investigadora-cima-expone-avances-de-proyecto-fonis-enfocado-en-obesidad-infantil\/#primaryimage\"},\"image\":{\"@id\":\"https:\/\/educacion.udd.cl\/cima\/2024\/11\/04\/investigadora-cima-expone-avances-de-proyecto-fonis-enfocado-en-obesidad-infantil\/#primaryimage\"},\"thumbnailUrl\":\"https:\/\/educacion.udd.cl\/cima\/files\/2024\/11\/whatsapp-image-2024-10-19-at-11-45-21_josefina-larrain-val.jpeg\",\"datePublished\":\"2024-11-04T15:38:46+00:00\",\"dateModified\":\"2024-11-21T15:39:42+00:00\",\"author\":{\"@id\":\"https:\/\/educacion.udd.cl\/cima\/#\/schema\/person\/3aefcae87945fe9ede94cc7f7cb5c1a7\"},\"breadcrumb\":{\"@id\":\"https:\/\/educacion.udd.cl\/cima\/2024\/11\/04\/investigadora-cima-expone-avances-de-proyecto-fonis-enfocado-en-obesidad-infantil\/#breadcrumb\"},\"inLanguage\":\"es\",\"potentialAction\":[{\"@type\":\"ReadAction\",\"target\":[\"https:\/\/educacion.udd.cl\/cima\/2024\/11\/04\/investigadora-cima-expone-avances-de-proyecto-fonis-enfocado-en-obesidad-infantil\/\"]}]},{\"@type\":\"ImageObject\",\"inLanguage\":\"es\",\"@id\":\"https:\/\/educacion.udd.cl\/cima\/2024\/11\/04\/investigadora-cima-expone-avances-de-proyecto-fonis-enfocado-en-obesidad-infantil\/#primaryimage\",\"url\":\"https:\/\/educacion.udd.cl\/cima\/files\/2024\/11\/whatsapp-image-2024-10-19-at-11-45-21_josefina-larrain-val.jpeg\",\"contentUrl\":\"https:\/\/educacion.udd.cl\/cima\/files\/2024\/11\/whatsapp-image-2024-10-19-at-11-45-21_josefina-larrain-val.jpeg\",\"width\":1280,\"height\":960},{\"@type\":\"BreadcrumbList\",\"@id\":\"https:\/\/educacion.udd.cl\/cima\/2024\/11\/04\/investigadora-cima-expone-avances-de-proyecto-fonis-enfocado-en-obesidad-infantil\/#breadcrumb\",\"itemListElement\":[{\"@type\":\"ListItem\",\"position\":1,\"name\":\"Portada\",\"item\":\"https:\/\/educacion.udd.cl\/cima\/\"},{\"@type\":\"ListItem\",\"position\":2,\"name\":\"Investigadora CIMA expone avances de proyecto FONIS enfocado en obesidad infantil\"}]},{\"@type\":\"WebSite\",\"@id\":\"https:\/\/educacion.udd.cl\/cima\/#website\",\"url\":\"https:\/\/educacion.udd.cl\/cima\/\",\"name\":\"CIMA\",\"description\":\"\",\"inLanguage\":\"es\"},{\"@type\":\"Person\",\"@id\":\"https:\/\/educacion.udd.cl\/cima\/#\/schema\/person\/3aefcae87945fe9ede94cc7f7cb5c1a7\",\"name\":\"claudiagodia\",\"image\":{\"@type\":\"ImageObject\",\"inLanguage\":\"es\",\"@id\":\"https:\/\/educacion.udd.cl\/cima\/#\/schema\/person\/image\/\",\"url\":\"https:\/\/secure.gravatar.com\/avatar\/c7c585f20c9cd5b1fc8956abfd060f1af449288eb4e630466a5a53a84641a9ca?s=96&d=mm&r=g\",\"contentUrl\":\"https:\/\/secure.gravatar.com\/avatar\/c7c585f20c9cd5b1fc8956abfd060f1af449288eb4e630466a5a53a84641a9ca?s=96&d=mm&r=g\",\"caption\":\"claudiagodia\"},\"url\":\"https:\/\/educacion.udd.cl\/cima\/author\/claudiagodia\/\"}]}<\/script>\n<!-- \/ Yoast SEO plugin. -->","yoast_head_json":{"title":"Investigadora CIMA expone avances de proyecto FONIS enfocado en obesidad infantil - CIMA","robots":{"index":"index","follow":"follow","max-snippet":"max-snippet:-1","max-image-preview":"max-image-preview:large","max-video-preview":"max-video-preview:-1"},"canonical":"https:\/\/educacion.udd.cl\/cima\/2024\/11\/04\/investigadora-cima-expone-avances-de-proyecto-fonis-enfocado-en-obesidad-infantil\/","og_locale":"es_ES","og_type":"article","og_title":"Investigadora CIMA expone avances de proyecto FONIS enfocado en obesidad infantil - CIMA","og_description":"Josefina Larra\u00edn tuvo la oportunidad de presentar en tres instancias internacionales los resultados de su investigaci\u00f3n, realizadas en las ciudades de Buenos Aires, Concepci\u00f3n y Chill\u00e1n. La jefa de la l\u00ednea de inclusi\u00f3n del Centro de Investigaci\u00f3n para la Mejora de los Aprendizajes, CIMA, de la Facultad de Educaci\u00f3n UDD, Dra. Josefina Larra\u00edn, present\u00f3 los [&hellip;]","og_url":"https:\/\/educacion.udd.cl\/cima\/2024\/11\/04\/investigadora-cima-expone-avances-de-proyecto-fonis-enfocado-en-obesidad-infantil\/","og_site_name":"CIMA","article_published_time":"2024-11-04T15:38:46+00:00","article_modified_time":"2024-11-21T15:39:42+00:00","og_image":[{"width":1280,"height":960,"url":"http:\/\/educacion.udd.cl\/cima\/files\/2024\/11\/whatsapp-image-2024-10-19-at-11-45-21_josefina-larrain-val.jpeg","type":"image\/jpeg"}],"author":"claudiagodia","twitter_card":"summary_large_image","twitter_misc":{"Escrito por":"claudiagodia","Tiempo de lectura":"3 minutos"},"schema":{"@context":"https:\/\/schema.org","@graph":[{"@type":"Article","@id":"https:\/\/educacion.udd.cl\/cima\/2024\/11\/04\/investigadora-cima-expone-avances-de-proyecto-fonis-enfocado-en-obesidad-infantil\/#article","isPartOf":{"@id":"https:\/\/educacion.udd.cl\/cima\/2024\/11\/04\/investigadora-cima-expone-avances-de-proyecto-fonis-enfocado-en-obesidad-infantil\/"},"author":{"name":"claudiagodia","@id":"https:\/\/educacion.udd.cl\/cima\/#\/schema\/person\/3aefcae87945fe9ede94cc7f7cb5c1a7"},"headline":"Investigadora CIMA expone avances de proyecto FONIS enfocado en obesidad infantil","datePublished":"2024-11-04T15:38:46+00:00","dateModified":"2024-11-21T15:39:42+00:00","mainEntityOfPage":{"@id":"https:\/\/educacion.udd.cl\/cima\/2024\/11\/04\/investigadora-cima-expone-avances-de-proyecto-fonis-enfocado-en-obesidad-infantil\/"},"wordCount":426,"image":{"@id":"https:\/\/educacion.udd.cl\/cima\/2024\/11\/04\/investigadora-cima-expone-avances-de-proyecto-fonis-enfocado-en-obesidad-infantil\/#primaryimage"},"thumbnailUrl":"https:\/\/educacion.udd.cl\/cima\/files\/2024\/11\/whatsapp-image-2024-10-19-at-11-45-21_josefina-larrain-val.jpeg","articleSection":["noticias"],"inLanguage":"es"},{"@type":"WebPage","@id":"https:\/\/educacion.udd.cl\/cima\/2024\/11\/04\/investigadora-cima-expone-avances-de-proyecto-fonis-enfocado-en-obesidad-infantil\/","url":"https:\/\/educacion.udd.cl\/cima\/2024\/11\/04\/investigadora-cima-expone-avances-de-proyecto-fonis-enfocado-en-obesidad-infantil\/","name":"Investigadora CIMA expone avances de proyecto FONIS enfocado en obesidad infantil - CIMA","isPartOf":{"@id":"https:\/\/educacion.udd.cl\/cima\/#website"},"primaryImageOfPage":{"@id":"https:\/\/educacion.udd.cl\/cima\/2024\/11\/04\/investigadora-cima-expone-avances-de-proyecto-fonis-enfocado-en-obesidad-infantil\/#primaryimage"},"image":{"@id":"https:\/\/educacion.udd.cl\/cima\/2024\/11\/04\/investigadora-cima-expone-avances-de-proyecto-fonis-enfocado-en-obesidad-infantil\/#primaryimage"},"thumbnailUrl":"https:\/\/educacion.udd.cl\/cima\/files\/2024\/11\/whatsapp-image-2024-10-19-at-11-45-21_josefina-larrain-val.jpeg","datePublished":"2024-11-04T15:38:46+00:00","dateModified":"2024-11-21T15:39:42+00:00","author":{"@id":"https:\/\/educacion.udd.cl\/cima\/#\/schema\/person\/3aefcae87945fe9ede94cc7f7cb5c1a7"},"breadcrumb":{"@id":"https:\/\/educacion.udd.cl\/cima\/2024\/11\/04\/investigadora-cima-expone-avances-de-proyecto-fonis-enfocado-en-obesidad-infantil\/#breadcrumb"},"inLanguage":"es","potentialAction":[{"@type":"ReadAction","target":["https:\/\/educacion.udd.cl\/cima\/2024\/11\/04\/investigadora-cima-expone-avances-de-proyecto-fonis-enfocado-en-obesidad-infantil\/"]}]},{"@type":"ImageObject","inLanguage":"es","@id":"https:\/\/educacion.udd.cl\/cima\/2024\/11\/04\/investigadora-cima-expone-avances-de-proyecto-fonis-enfocado-en-obesidad-infantil\/#primaryimage","url":"https:\/\/educacion.udd.cl\/cima\/files\/2024\/11\/whatsapp-image-2024-10-19-at-11-45-21_josefina-larrain-val.jpeg","contentUrl":"https:\/\/educacion.udd.cl\/cima\/files\/2024\/11\/whatsapp-image-2024-10-19-at-11-45-21_josefina-larrain-val.jpeg","width":1280,"height":960},{"@type":"BreadcrumbList","@id":"https:\/\/educacion.udd.cl\/cima\/2024\/11\/04\/investigadora-cima-expone-avances-de-proyecto-fonis-enfocado-en-obesidad-infantil\/#breadcrumb","itemListElement":[{"@type":"ListItem","position":1,"name":"Portada","item":"https:\/\/educacion.udd.cl\/cima\/"},{"@type":"ListItem","position":2,"name":"Investigadora CIMA expone avances de proyecto FONIS enfocado en obesidad infantil"}]},{"@type":"WebSite","@id":"https:\/\/educacion.udd.cl\/cima\/#website","url":"https:\/\/educacion.udd.cl\/cima\/","name":"CIMA","description":"","inLanguage":"es"},{"@type":"Person","@id":"https:\/\/educacion.udd.cl\/cima\/#\/schema\/person\/3aefcae87945fe9ede94cc7f7cb5c1a7","name":"claudiagodia","image":{"@type":"ImageObject","inLanguage":"es","@id":"https:\/\/educacion.udd.cl\/cima\/#\/schema\/person\/image\/","url":"https:\/\/secure.gravatar.com\/avatar\/c7c585f20c9cd5b1fc8956abfd060f1af449288eb4e630466a5a53a84641a9ca?s=96&d=mm&r=g","contentUrl":"https:\/\/secure.gravatar.com\/avatar\/c7c585f20c9cd5b1fc8956abfd060f1af449288eb4e630466a5a53a84641a9ca?s=96&d=mm&r=g","caption":"claudiagodia"},"url":"https:\/\/educacion.udd.cl\/cima\/author\/claudiagodia\/"}]}},"featured_image_url":"https:\/\/educacion.udd.cl\/cima\/files\/2024\/11\/whatsapp-image-2024-10-19-at-11-45-21_josefina-larrain-val.jpeg","_links":{"self":[{"href":"https:\/\/educacion.udd.cl\/cima\/wp-json\/wp\/v2\/posts\/631","targetHints":{"allow":["GET"]}}],"collection":[{"href":"https:\/\/educacion.udd.cl\/cima\/wp-json\/wp\/v2\/posts"}],"about":[{"href":"https:\/\/educacion.udd.cl\/cima\/wp-json\/wp\/v2\/types\/post"}],"author":[{"embeddable":true,"href":"https:\/\/educacion.udd.cl\/cima\/wp-json\/wp\/v2\/users\/39"}],"replies":[{"embeddable":true,"href":"https:\/\/educacion.udd.cl\/cima\/wp-json\/wp\/v2\/comments?post=631"}],"version-history":[{"count":1,"href":"https:\/\/educacion.udd.cl\/cima\/wp-json\/wp\/v2\/posts\/631\/revisions"}],"predecessor-version":[{"id":637,"href":"https:\/\/educacion.udd.cl\/cima\/wp-json\/wp\/v2\/posts\/631\/revisions\/637"}],"wp:featuredmedia":[{"embeddable":true,"href":"https:\/\/educacion.udd.cl\/cima\/wp-json\/wp\/v2\/media\/632"}],"wp:attachment":[{"href":"https:\/\/educacion.udd.cl\/cima\/wp-json\/wp\/v2\/media?parent=631"}],"wp:term":[{"taxonomy":"category","embeddable":true,"href":"https:\/\/educacion.udd.cl\/cima\/wp-json\/wp\/v2\/categories?post=631"},{"taxonomy":"post_tag","embeddable":true,"href":"https:\/\/educacion.udd.cl\/cima\/wp-json\/wp\/v2\/tags?post=631"}],"curies":[{"name":"wp","href":"https:\/\/api.w.org\/{rel}","templated":true}]}}