{"id":613,"date":"2024-11-07T16:20:00","date_gmt":"2024-11-07T19:20:00","guid":{"rendered":"https:\/\/educacion.udd.cl\/cima\/?p=613"},"modified":"2024-11-19T16:21:59","modified_gmt":"2024-11-19T19:21:59","slug":"cima-realiza-su-primer-seminario-de-investigacion","status":"publish","type":"post","link":"https:\/\/educacion.udd.cl\/cima\/2024\/11\/07\/cima-realiza-su-primer-seminario-de-investigacion\/","title":{"rendered":"CIMA realiza su primer seminario de investigaci\u00f3n"},"content":{"rendered":"\n<p><em>En la jornada, estudiantes e investigadores del centro presentaron los avances de diversos estudios, adem\u00e1s de participar en una feria de posters con 8 investigaciones realizadas miembros de la Facultad de Educaci\u00f3n UDD.<\/em><\/p>\n\n\n\n<p>El pasado martes 5 de noviembre, el Centro de Investigaci\u00f3n para la Mejora de los Aprendizajes (CIMA), de la Facultad de Educaci\u00f3n de la UDD, realiz\u00f3 su primer seminario de investigaci\u00f3n, titulado \u00abCIMA en la Mira\u00bb, encuentro que reuni\u00f3 a estudiantes, acad\u00e9micos y expertos en el \u00e1mbito educativo para compartir avances en esta materia.<\/p>\n\n\n\n<p>La actividad se enfoc\u00f3 en dos bloques tem\u00e1ticos, con una primera parte que incluy\u00f3 investigaciones relacionadas con liderazgo, bienestar y deserci\u00f3n en los establecimientos escolares; el segundo m\u00f3dulo explor\u00f3 diversas metodolog\u00edas y enfoques interdisciplinarios para enriquecer el aprendizaje en el aula.<\/p>\n\n\n\n<p>Mar\u00eda Gracia Silva, estudiante de Pedagog\u00eda en Educaci\u00f3n B\u00e1sica UDD y asistente de investigaci\u00f3n en CIMA, present\u00f3 la investigaci\u00f3n en la que trabaja actualmente, \u201cUna d\u00e9cada de estudio del liderazgo escolar en Chile\u00bb, la cual busca comprender c\u00f3mo se estudia el liderazgo educativo en el pa\u00eds, particularmente a nivel de tesis de mag\u00edster.<\/p>\n\n\n\n<p>Por su parte, la estudiante del Programa de Formaci\u00f3n Pedag\u00f3gica, Rosario Camposano, expuso sobre el panorama chileno de la deserci\u00f3n de las educadoras de p\u00e1rvulos, tem\u00e1tica que ha trabajo como ayudante para las acad\u00e9micas Josefina Valdivia y Mar\u00eda Luisa Salazar.<\/p>\n\n\n\n<p>Mariana Jourdan, de la carrera de Pedagog\u00eda en Educaci\u00f3n B\u00e1sica, present\u00f3 un an\u00e1lisis sobre pr\u00e1cticas de liderazgo sist\u00e9mico en centros escolares de un SLEP de la Regi\u00f3n Metropolitana.<\/p>\n\n\n\n<p>Cerr\u00f3 la primera parte, el director del Mag\u00edster en Liderazgo y Gesti\u00f3n Educativa, Christian Lazcano, quien discuti\u00f3 claves del bienestar docente \u201c\u00bfqu\u00e9 impulsa la satisfacci\u00f3n laboral en Am\u00e9rica Latina?\u00bb, destacando los factores que promueven el bienestar y la motivaci\u00f3n entre los educadores.<\/p>\n\n\n<section class=\"wp-block-udd-gallery-carousel wp-carousel-gallery\">\n\t<div class=\"container\">\n\t\t<div\n\t\t\tclass=\"slick-carousel gallery-slick-carousel gallery-carousel--1\"\n\t\t\tdata-slick='{&quot;slidesToScroll&quot;:1,&quot;slidesToShow&quot;:1,&quot;appendDots&quot;:&quot;#dots-69f339f66e2a9&quot;,&quot;prevArrow&quot;:&quot;&lt;button type=\\&quot;button\\&quot; class=\\&quot;btn btn-primary slick-prev\\&quot;&gt;&lt;svg class=\\&quot;svg-chevron-left-dims\\&quot;&gt;&lt;use xlink:href=&#039;https:\\\/\\\/educacion.udd.cl\\\/cima\\\/wp-content\\\/themes\\\/facultades-2018\\\/assets\\\/img\\\/svg\\\/dist\\\/main.svg?version=1695853099#chevron-left&#039;&gt;&lt;\\\/use&gt;&lt;\\\/svg&gt;&lt;span class=\\&quot;sr-only\\&quot;&gt;Anterior&lt;\\\/span&gt;&lt;\\\/button&gt;&quot;,&quot;nextArrow&quot;:&quot;&lt;button type=\\&quot;button\\&quot; class=\\&quot;btn btn-primary slick-next\\&quot;&gt;&lt;svg class=\\&quot;svg-chevron-right-dims\\&quot;&gt;&lt;use xlink:href=&#039;https:\\\/\\\/educacion.udd.cl\\\/cima\\\/wp-content\\\/themes\\\/facultades-2018\\\/assets\\\/img\\\/svg\\\/dist\\\/main.svg?version=1695853099#chevron-right&#039;&gt;&lt;\\\/use&gt;&lt;\\\/svg&gt;&lt;span class=\\&quot;sr-only\\&quot;&gt;Siguiente&lt;\\\/span&gt;&lt;\\\/button&gt;&quot;,&quot;infinite&quot;:true,&quot;dots&quot;:true}'\n\t\t>\n\t\t\t\t\t\t\t<figure>\n\t\t\t\t\t<img loading=\"lazy\" decoding=\"async\" width=\"1280\" height=\"720\" src=\"https:\/\/educacion.udd.cl\/cima\/wp-content\/plugins\/wp-async-img-load\/blank.png\" class=\"attachment-1280x720 size-1280x720 lazyload\" alt=\"\" sizes=\"auto, (max-width: 1280px) 100vw, 1280px\" data-src=\"https:\/\/educacion.udd.cl\/cima\/files\/2024\/11\/whatsapp-image-2024-11-19-at-16-12-02-1366x768.jpeg\" data-srcset=\"https:\/\/educacion.udd.cl\/cima\/files\/2024\/11\/whatsapp-image-2024-11-19-at-16-12-02-1366x768.jpeg 1366w, https:\/\/educacion.udd.cl\/cima\/files\/2024\/11\/whatsapp-image-2024-11-19-at-16-12-02-1920x1080.jpeg 1920w, https:\/\/educacion.udd.cl\/cima\/files\/2024\/11\/whatsapp-image-2024-11-19-at-16-12-02-680x382.jpeg 680w\" \/>\t\t\t\t\t\t\t\t\t<\/figure>\n\t\t\t\t\t\t\t<figure>\n\t\t\t\t\t<img loading=\"lazy\" decoding=\"async\" width=\"1280\" height=\"720\" src=\"https:\/\/educacion.udd.cl\/cima\/wp-content\/plugins\/wp-async-img-load\/blank.png\" class=\"attachment-1280x720 size-1280x720 lazyload\" alt=\"\" sizes=\"auto, (max-width: 1280px) 100vw, 1280px\" data-src=\"https:\/\/educacion.udd.cl\/cima\/files\/2024\/11\/whatsapp-image-2024-11-19-at-16-11-58-1366x768.jpeg\" data-srcset=\"https:\/\/educacion.udd.cl\/cima\/files\/2024\/11\/whatsapp-image-2024-11-19-at-16-11-58-1366x768.jpeg 1366w, https:\/\/educacion.udd.cl\/cima\/files\/2024\/11\/whatsapp-image-2024-11-19-at-16-11-58-1920x1080.jpeg 1920w, https:\/\/educacion.udd.cl\/cima\/files\/2024\/11\/whatsapp-image-2024-11-19-at-16-11-58-680x382.jpeg 680w\" \/>\t\t\t\t\t\t\t\t\t<\/figure>\n\t\t\t\t\t\t\t<figure>\n\t\t\t\t\t<img loading=\"lazy\" decoding=\"async\" width=\"1280\" height=\"720\" src=\"https:\/\/educacion.udd.cl\/cima\/wp-content\/plugins\/wp-async-img-load\/blank.png\" class=\"attachment-1280x720 size-1280x720 lazyload\" alt=\"\" sizes=\"auto, (max-width: 1280px) 100vw, 1280px\" data-src=\"https:\/\/educacion.udd.cl\/cima\/files\/2024\/11\/whatsapp-image-2024-11-19-at-16-11-53-1366x768.jpeg\" data-srcset=\"https:\/\/educacion.udd.cl\/cima\/files\/2024\/11\/whatsapp-image-2024-11-19-at-16-11-53-1366x768.jpeg 1366w, https:\/\/educacion.udd.cl\/cima\/files\/2024\/11\/whatsapp-image-2024-11-19-at-16-11-53-1920x1080.jpeg 1920w, https:\/\/educacion.udd.cl\/cima\/files\/2024\/11\/whatsapp-image-2024-11-19-at-16-11-53-680x382.jpeg 680w\" \/>\t\t\t\t\t\t\t\t\t<\/figure>\n\t\t\t\t\t\t\t<figure>\n\t\t\t\t\t<img loading=\"lazy\" decoding=\"async\" width=\"1280\" height=\"720\" src=\"https:\/\/educacion.udd.cl\/cima\/wp-content\/plugins\/wp-async-img-load\/blank.png\" class=\"attachment-1280x720 size-1280x720 lazyload\" alt=\"\" sizes=\"auto, (max-width: 1280px) 100vw, 1280px\" data-src=\"https:\/\/educacion.udd.cl\/cima\/files\/2024\/11\/whatsapp-image-2024-11-19-at-16-11-50-1366x768.jpeg\" data-srcset=\"https:\/\/educacion.udd.cl\/cima\/files\/2024\/11\/whatsapp-image-2024-11-19-at-16-11-50-1366x768.jpeg 1366w, https:\/\/educacion.udd.cl\/cima\/files\/2024\/11\/whatsapp-image-2024-11-19-at-16-11-50-1920x1080.jpeg 1920w, https:\/\/educacion.udd.cl\/cima\/files\/2024\/11\/whatsapp-image-2024-11-19-at-16-11-50-680x382.jpeg 680w\" \/>\t\t\t\t\t\t\t\t\t<\/figure>\n\t\t\t\t\t\t\t<figure>\n\t\t\t\t\t<img loading=\"lazy\" decoding=\"async\" width=\"1280\" height=\"720\" src=\"https:\/\/educacion.udd.cl\/cima\/wp-content\/plugins\/wp-async-img-load\/blank.png\" class=\"attachment-1280x720 size-1280x720 lazyload\" alt=\"\" sizes=\"auto, (max-width: 1280px) 100vw, 1280px\" data-src=\"https:\/\/educacion.udd.cl\/cima\/files\/2024\/11\/whatsapp-image-2024-11-19-at-16-12-04-1366x768.jpeg\" data-srcset=\"https:\/\/educacion.udd.cl\/cima\/files\/2024\/11\/whatsapp-image-2024-11-19-at-16-12-04-1366x768.jpeg 1366w, https:\/\/educacion.udd.cl\/cima\/files\/2024\/11\/whatsapp-image-2024-11-19-at-16-12-04-1920x1080.jpeg 1920w, https:\/\/educacion.udd.cl\/cima\/files\/2024\/11\/whatsapp-image-2024-11-19-at-16-12-04-680x382.jpeg 680w\" \/>\t\t\t\t\t\t\t\t\t<\/figure>\n\t\t\t\t\t\t\t<figure>\n\t\t\t\t\t<img loading=\"lazy\" decoding=\"async\" width=\"1280\" height=\"720\" src=\"https:\/\/educacion.udd.cl\/cima\/wp-content\/plugins\/wp-async-img-load\/blank.png\" class=\"attachment-1280x720 size-1280x720 lazyload\" alt=\"\" sizes=\"auto, (max-width: 1280px) 100vw, 1280px\" data-src=\"https:\/\/educacion.udd.cl\/cima\/files\/2024\/11\/whatsapp-image-2024-11-19-at-16-11-47-1366x768.jpeg\" data-srcset=\"https:\/\/educacion.udd.cl\/cima\/files\/2024\/11\/whatsapp-image-2024-11-19-at-16-11-47-1366x768.jpeg 1366w, https:\/\/educacion.udd.cl\/cima\/files\/2024\/11\/whatsapp-image-2024-11-19-at-16-11-47-1920x1080.jpeg 1920w, https:\/\/educacion.udd.cl\/cima\/files\/2024\/11\/whatsapp-image-2024-11-19-at-16-11-47-680x382.jpeg 680w\" \/>\t\t\t\t\t\t\t\t\t<\/figure>\n\t\t\t\t\t\t\t<figure>\n\t\t\t\t\t<img loading=\"lazy\" decoding=\"async\" width=\"1280\" height=\"720\" src=\"https:\/\/educacion.udd.cl\/cima\/wp-content\/plugins\/wp-async-img-load\/blank.png\" class=\"attachment-1280x720 size-1280x720 lazyload\" alt=\"\" sizes=\"auto, (max-width: 1280px) 100vw, 1280px\" data-src=\"https:\/\/educacion.udd.cl\/cima\/files\/2024\/11\/whatsapp-image-2024-11-19-at-16-11-37-1366x768.jpeg\" data-srcset=\"https:\/\/educacion.udd.cl\/cima\/files\/2024\/11\/whatsapp-image-2024-11-19-at-16-11-37-1366x768.jpeg 1366w, https:\/\/educacion.udd.cl\/cima\/files\/2024\/11\/whatsapp-image-2024-11-19-at-16-11-37-1920x1080.jpeg 1920w, https:\/\/educacion.udd.cl\/cima\/files\/2024\/11\/whatsapp-image-2024-11-19-at-16-11-37-680x382.jpeg 680w\" \/>\t\t\t\t\t\t\t\t\t<\/figure>\n\t\t\t\t\t\t\t<figure>\n\t\t\t\t\t<img loading=\"lazy\" decoding=\"async\" width=\"1280\" height=\"720\" src=\"https:\/\/educacion.udd.cl\/cima\/wp-content\/plugins\/wp-async-img-load\/blank.png\" class=\"attachment-1280x720 size-1280x720 lazyload\" alt=\"\" sizes=\"auto, (max-width: 1280px) 100vw, 1280px\" data-src=\"https:\/\/educacion.udd.cl\/cima\/files\/2024\/11\/whatsapp-image-2024-11-19-at-16-11-35-1366x768.jpeg\" data-srcset=\"https:\/\/educacion.udd.cl\/cima\/files\/2024\/11\/whatsapp-image-2024-11-19-at-16-11-35-1366x768.jpeg 1366w, https:\/\/educacion.udd.cl\/cima\/files\/2024\/11\/whatsapp-image-2024-11-19-at-16-11-35-1920x1080.jpeg 1920w, https:\/\/educacion.udd.cl\/cima\/files\/2024\/11\/whatsapp-image-2024-11-19-at-16-11-35-680x382.jpeg 680w\" \/>\t\t\t\t\t\t\t\t\t<\/figure>\n\t\t\t\t\t\t\t<figure>\n\t\t\t\t\t<img loading=\"lazy\" decoding=\"async\" width=\"1280\" height=\"720\" src=\"https:\/\/educacion.udd.cl\/cima\/wp-content\/plugins\/wp-async-img-load\/blank.png\" class=\"attachment-1280x720 size-1280x720 lazyload\" alt=\"\" sizes=\"auto, (max-width: 1280px) 100vw, 1280px\" data-src=\"https:\/\/educacion.udd.cl\/cima\/files\/2024\/11\/whatsapp-image-2024-11-19-at-16-11-34-1366x768.jpeg\" data-srcset=\"https:\/\/educacion.udd.cl\/cima\/files\/2024\/11\/whatsapp-image-2024-11-19-at-16-11-34-1366x768.jpeg 1366w, https:\/\/educacion.udd.cl\/cima\/files\/2024\/11\/whatsapp-image-2024-11-19-at-16-11-34-1920x1080.jpeg 1920w, https:\/\/educacion.udd.cl\/cima\/files\/2024\/11\/whatsapp-image-2024-11-19-at-16-11-34-680x382.jpeg 680w\" \/>\t\t\t\t\t\t\t\t\t<\/figure>\n\t\t\t\t\t\t\t<figure>\n\t\t\t\t\t<img loading=\"lazy\" decoding=\"async\" width=\"1280\" height=\"720\" src=\"https:\/\/educacion.udd.cl\/cima\/wp-content\/plugins\/wp-async-img-load\/blank.png\" class=\"attachment-1280x720 size-1280x720 lazyload\" alt=\"\" sizes=\"auto, (max-width: 1280px) 100vw, 1280px\" data-src=\"https:\/\/educacion.udd.cl\/cima\/files\/2024\/11\/whatsapp-image-2024-11-19-at-16-10-58-1366x768.jpeg\" data-srcset=\"https:\/\/educacion.udd.cl\/cima\/files\/2024\/11\/whatsapp-image-2024-11-19-at-16-10-58-1366x768.jpeg 1366w, https:\/\/educacion.udd.cl\/cima\/files\/2024\/11\/whatsapp-image-2024-11-19-at-16-10-58-1920x1080.jpeg 1920w, https:\/\/educacion.udd.cl\/cima\/files\/2024\/11\/whatsapp-image-2024-11-19-at-16-10-58-680x382.jpeg 680w\" \/>\t\t\t\t\t\t\t\t\t<\/figure>\n\t\t\t\t\t\t\t<figure>\n\t\t\t\t\t<img loading=\"lazy\" decoding=\"async\" width=\"1280\" height=\"720\" src=\"https:\/\/educacion.udd.cl\/cima\/wp-content\/plugins\/wp-async-img-load\/blank.png\" class=\"attachment-1280x720 size-1280x720 lazyload\" alt=\"\" sizes=\"auto, (max-width: 1280px) 100vw, 1280px\" data-src=\"https:\/\/educacion.udd.cl\/cima\/files\/2024\/11\/whatsapp-image-2024-11-19-at-16-11-24-1366x768.jpeg\" data-srcset=\"https:\/\/educacion.udd.cl\/cima\/files\/2024\/11\/whatsapp-image-2024-11-19-at-16-11-24-1366x768.jpeg 1366w, https:\/\/educacion.udd.cl\/cima\/files\/2024\/11\/whatsapp-image-2024-11-19-at-16-11-24-1920x1080.jpeg 1920w, https:\/\/educacion.udd.cl\/cima\/files\/2024\/11\/whatsapp-image-2024-11-19-at-16-11-24-680x382.jpeg 680w\" \/>\t\t\t\t\t\t\t\t\t<\/figure>\n\t\t\t\t\t\t\t<figure>\n\t\t\t\t\t<img loading=\"lazy\" decoding=\"async\" width=\"1280\" height=\"720\" src=\"https:\/\/educacion.udd.cl\/cima\/wp-content\/plugins\/wp-async-img-load\/blank.png\" class=\"attachment-1280x720 size-1280x720 lazyload\" alt=\"\" sizes=\"auto, (max-width: 1280px) 100vw, 1280px\" data-src=\"https:\/\/educacion.udd.cl\/cima\/files\/2024\/11\/whatsapp-image-2024-11-19-at-16-11-28-1366x768.jpeg\" data-srcset=\"https:\/\/educacion.udd.cl\/cima\/files\/2024\/11\/whatsapp-image-2024-11-19-at-16-11-28-1366x768.jpeg 1366w, https:\/\/educacion.udd.cl\/cima\/files\/2024\/11\/whatsapp-image-2024-11-19-at-16-11-28-1920x1080.jpeg 1920w, https:\/\/educacion.udd.cl\/cima\/files\/2024\/11\/whatsapp-image-2024-11-19-at-16-11-28-680x382.jpeg 680w\" \/>\t\t\t\t\t\t\t\t\t<\/figure>\n\t\t\t\t\t\t\t<figure>\n\t\t\t\t\t<img loading=\"lazy\" decoding=\"async\" width=\"1280\" height=\"720\" src=\"https:\/\/educacion.udd.cl\/cima\/wp-content\/plugins\/wp-async-img-load\/blank.png\" class=\"attachment-1280x720 size-1280x720 lazyload\" alt=\"\" sizes=\"auto, (max-width: 1280px) 100vw, 1280px\" data-src=\"https:\/\/educacion.udd.cl\/cima\/files\/2024\/11\/whatsapp-image-2024-11-19-at-16-11-20-1366x768.jpeg\" data-srcset=\"https:\/\/educacion.udd.cl\/cima\/files\/2024\/11\/whatsapp-image-2024-11-19-at-16-11-20-1366x768.jpeg 1366w, https:\/\/educacion.udd.cl\/cima\/files\/2024\/11\/whatsapp-image-2024-11-19-at-16-11-20-1920x1080.jpeg 1920w, https:\/\/educacion.udd.cl\/cima\/files\/2024\/11\/whatsapp-image-2024-11-19-at-16-11-20-680x382.jpeg 680w\" \/>\t\t\t\t\t\t\t\t\t<\/figure>\n\t\t\t\t\t\t\t<figure>\n\t\t\t\t\t<img loading=\"lazy\" decoding=\"async\" width=\"1280\" height=\"720\" src=\"https:\/\/educacion.udd.cl\/cima\/wp-content\/plugins\/wp-async-img-load\/blank.png\" class=\"attachment-1280x720 size-1280x720 lazyload\" alt=\"\" sizes=\"auto, (max-width: 1280px) 100vw, 1280px\" data-src=\"https:\/\/educacion.udd.cl\/cima\/files\/2024\/11\/whatsapp-image-2024-11-19-at-16-11-13-1366x768.jpeg\" data-srcset=\"https:\/\/educacion.udd.cl\/cima\/files\/2024\/11\/whatsapp-image-2024-11-19-at-16-11-13-1366x768.jpeg 1366w, https:\/\/educacion.udd.cl\/cima\/files\/2024\/11\/whatsapp-image-2024-11-19-at-16-11-13-1920x1080.jpeg 1920w, https:\/\/educacion.udd.cl\/cima\/files\/2024\/11\/whatsapp-image-2024-11-19-at-16-11-13-680x382.jpeg 680w\" \/>\t\t\t\t\t\t\t\t\t<\/figure>\n\t\t\t\t\t\t\t<figure>\n\t\t\t\t\t<img loading=\"lazy\" decoding=\"async\" width=\"1280\" height=\"720\" src=\"https:\/\/educacion.udd.cl\/cima\/wp-content\/plugins\/wp-async-img-load\/blank.png\" class=\"attachment-1280x720 size-1280x720 lazyload\" alt=\"\" sizes=\"auto, (max-width: 1280px) 100vw, 1280px\" data-src=\"https:\/\/educacion.udd.cl\/cima\/files\/2024\/11\/whatsapp-image-2024-11-19-at-16-11-09-1366x768.jpeg\" data-srcset=\"https:\/\/educacion.udd.cl\/cima\/files\/2024\/11\/whatsapp-image-2024-11-19-at-16-11-09-1366x768.jpeg 1366w, https:\/\/educacion.udd.cl\/cima\/files\/2024\/11\/whatsapp-image-2024-11-19-at-16-11-09-1920x1080.jpeg 1920w, https:\/\/educacion.udd.cl\/cima\/files\/2024\/11\/whatsapp-image-2024-11-19-at-16-11-09-680x382.jpeg 680w\" \/>\t\t\t\t\t\t\t\t\t<\/figure>\n\t\t\t\t\t<\/div>\n\t\t<div\n\t\t\tclass=\"carousel-gallery--carousel-dots\"\n\t\t\tid=\"dots-69f339f66e2a9\"\n\t\t><\/div>\n\t<\/div>\n<\/section>\n\n\n\n<p>El segundo bloque inici\u00f3 con la presentaci\u00f3n de la estudiante Karla Santander, de Pedagog\u00eda en Educaci\u00f3n B\u00e1sica, quien expuso una investigaci\u00f3n sobre la ense\u00f1anza de razonamiento estad\u00edstico usando literatura infantil.<\/p>\n\n\n\n<p>El estudiante del Programa de Formaci\u00f3n Pedag\u00f3gica, Gabriel Araneda, abord\u00f3 situaciones de escritura que fomentan el aprendizaje estad\u00edstico, trabajo enmarcado en el Proyecto FONDECYT Escritura especializada: G\u00e9neros discursivos, modelos ret\u00f3ricos y dificultades de producci\u00f3n textual en cinco \u00e1mbitos profesionales.<\/p>\n\n\n\n<p>Isidora Ag\u00fcero, estudiante de Pedagog\u00eda en Educaci\u00f3n B\u00e1sica, present\u00f3 una investigaci\u00f3n enfocada en habilidades socioemocionales, cuyo objetivo es integrar habilidades socioemocionales en el curr\u00edculo de 3\u00ba, 4\u00ba, 7\u00ba y 8\u00ba b\u00e1sico, promoviendo la gesti\u00f3n emocional y el bienestar en el aula.<\/p>\n\n\n\n<p>Por \u00faltimo, V\u00edctor Sep\u00falveda, alumni del Mag\u00edster en Innovaci\u00f3n Curricular y Evaluaci\u00f3n Educativa, expuso su investigaci\u00f3n \u201cIncorporaci\u00f3n de vinculaci\u00f3n con el medio en un programa de estudio de diplomado en psiconutrici\u00f3n\u201d, que busca redise\u00f1ar un plan de estudios del diplomado que promueva la bidireccionalidad entre la instituci\u00f3n educativa y la comunidad.<\/p>\n\n\n\n<p>Los asistentes tambi\u00e9n tuvieron la oportunidad de asistir a la Feria de posters, espacio para la divulgaci\u00f3n de proyectos de investigaci\u00f3n CIMA, con ocho proyectos, de los investigadores Mauricio Bravo, Gilda Bilbao, Montserrat Cubillos, Amparo Galdames, Mariana Gerias, Josefina Larra\u00edn, Armando Rojas y Pedro Vidal-Szab\u00f3.<\/p>\n\n\n\n<p>\u201cEl seminario \u00abCIMA en la Mira\u00bb destac\u00f3 por su aporte a la comunidad educativa y por fortalecer la conexi\u00f3n entre la investigaci\u00f3n y las pr\u00e1cticas educativas en el pa\u00eds\u201d, destac\u00f3 la directora acad\u00e9mica de CIMA, Montserrat Cubillos. \u201cDesde la Facultad de Educaci\u00f3n y CIMA, esperamos continuar con este seminario, como un evento anual, para promover la investigaci\u00f3n aplicada y el di\u00e1logo entre los distintos actores del sistema educativo\u201d, concluy\u00f3.<\/p>\n","protected":false},"excerpt":{"rendered":"<p>En la jornada, estudiantes e investigadores del centro presentaron los avances de diversos estudios, adem\u00e1s de participar en una feria de posters con 8 investigaciones realizadas miembros de la Facultad de Educaci\u00f3n UDD. El pasado martes 5 de noviembre, el Centro de Investigaci\u00f3n para la Mejora de los Aprendizajes (CIMA), de la Facultad de Educaci\u00f3n [&hellip;]<\/p>\n","protected":false},"author":39,"featured_media":621,"comment_status":"closed","ping_status":"open","sticky":false,"template":"","format":"standard","meta":{"footnotes":""},"categories":[9],"tags":[],"class_list":["post-613","post","type-post","status-publish","format-standard","has-post-thumbnail","hentry","category-noticias"],"yoast_head":"<!-- This site is optimized with the Yoast SEO plugin v26.9 - https:\/\/yoast.com\/product\/yoast-seo-wordpress\/ -->\n<title>CIMA realiza su primer seminario de investigaci\u00f3n - CIMA<\/title>\n<meta name=\"robots\" content=\"index, follow, max-snippet:-1, max-image-preview:large, max-video-preview:-1\" \/>\n<link rel=\"canonical\" href=\"https:\/\/educacion.udd.cl\/cima\/2024\/11\/07\/cima-realiza-su-primer-seminario-de-investigacion\/\" \/>\n<meta property=\"og:locale\" content=\"es_ES\" \/>\n<meta property=\"og:type\" content=\"article\" \/>\n<meta property=\"og:title\" content=\"CIMA realiza su primer seminario de investigaci\u00f3n - CIMA\" \/>\n<meta property=\"og:description\" content=\"En la jornada, estudiantes e investigadores del centro presentaron los avances de diversos estudios, adem\u00e1s de participar en una feria de posters con 8 investigaciones realizadas miembros de la Facultad de Educaci\u00f3n UDD. El pasado martes 5 de noviembre, el Centro de Investigaci\u00f3n para la Mejora de los Aprendizajes (CIMA), de la Facultad de Educaci\u00f3n [&hellip;]\" \/>\n<meta property=\"og:url\" content=\"https:\/\/educacion.udd.cl\/cima\/2024\/11\/07\/cima-realiza-su-primer-seminario-de-investigacion\/\" \/>\n<meta property=\"og:site_name\" content=\"CIMA\" \/>\n<meta property=\"article:published_time\" content=\"2024-11-07T19:20:00+00:00\" \/>\n<meta property=\"article:modified_time\" content=\"2024-11-19T19:21:59+00:00\" \/>\n<meta property=\"og:image\" content=\"http:\/\/educacion.udd.cl\/cima\/files\/2024\/11\/whatsapp-image-2024-11-19-at-16-10-58-scaled.jpeg\" \/>\n\t<meta property=\"og:image:width\" content=\"2560\" \/>\n\t<meta property=\"og:image:height\" content=\"1920\" \/>\n\t<meta property=\"og:image:type\" content=\"image\/jpeg\" \/>\n<meta name=\"author\" content=\"claudiagodia\" \/>\n<meta name=\"twitter:card\" content=\"summary_large_image\" \/>\n<meta name=\"twitter:label1\" content=\"Escrito por\" \/>\n\t<meta name=\"twitter:data1\" content=\"claudiagodia\" \/>\n\t<meta name=\"twitter:label2\" content=\"Tiempo de lectura\" \/>\n\t<meta name=\"twitter:data2\" content=\"6 minutos\" \/>\n<script type=\"application\/ld+json\" class=\"yoast-schema-graph\">{\"@context\":\"https:\/\/schema.org\",\"@graph\":[{\"@type\":\"Article\",\"@id\":\"https:\/\/educacion.udd.cl\/cima\/2024\/11\/07\/cima-realiza-su-primer-seminario-de-investigacion\/#article\",\"isPartOf\":{\"@id\":\"https:\/\/educacion.udd.cl\/cima\/2024\/11\/07\/cima-realiza-su-primer-seminario-de-investigacion\/\"},\"author\":{\"name\":\"claudiagodia\",\"@id\":\"https:\/\/educacion.udd.cl\/cima\/#\/schema\/person\/3aefcae87945fe9ede94cc7f7cb5c1a7\"},\"headline\":\"CIMA realiza su primer seminario de investigaci\u00f3n\",\"datePublished\":\"2024-11-07T19:20:00+00:00\",\"dateModified\":\"2024-11-19T19:21:59+00:00\",\"mainEntityOfPage\":{\"@id\":\"https:\/\/educacion.udd.cl\/cima\/2024\/11\/07\/cima-realiza-su-primer-seminario-de-investigacion\/\"},\"wordCount\":651,\"image\":{\"@id\":\"https:\/\/educacion.udd.cl\/cima\/2024\/11\/07\/cima-realiza-su-primer-seminario-de-investigacion\/#primaryimage\"},\"thumbnailUrl\":\"https:\/\/educacion.udd.cl\/cima\/files\/2024\/11\/whatsapp-image-2024-11-19-at-16-10-58-scaled.jpeg\",\"articleSection\":[\"noticias\"],\"inLanguage\":\"es\"},{\"@type\":\"WebPage\",\"@id\":\"https:\/\/educacion.udd.cl\/cima\/2024\/11\/07\/cima-realiza-su-primer-seminario-de-investigacion\/\",\"url\":\"https:\/\/educacion.udd.cl\/cima\/2024\/11\/07\/cima-realiza-su-primer-seminario-de-investigacion\/\",\"name\":\"CIMA realiza su primer seminario de investigaci\u00f3n - CIMA\",\"isPartOf\":{\"@id\":\"https:\/\/educacion.udd.cl\/cima\/#website\"},\"primaryImageOfPage\":{\"@id\":\"https:\/\/educacion.udd.cl\/cima\/2024\/11\/07\/cima-realiza-su-primer-seminario-de-investigacion\/#primaryimage\"},\"image\":{\"@id\":\"https:\/\/educacion.udd.cl\/cima\/2024\/11\/07\/cima-realiza-su-primer-seminario-de-investigacion\/#primaryimage\"},\"thumbnailUrl\":\"https:\/\/educacion.udd.cl\/cima\/files\/2024\/11\/whatsapp-image-2024-11-19-at-16-10-58-scaled.jpeg\",\"datePublished\":\"2024-11-07T19:20:00+00:00\",\"dateModified\":\"2024-11-19T19:21:59+00:00\",\"author\":{\"@id\":\"https:\/\/educacion.udd.cl\/cima\/#\/schema\/person\/3aefcae87945fe9ede94cc7f7cb5c1a7\"},\"breadcrumb\":{\"@id\":\"https:\/\/educacion.udd.cl\/cima\/2024\/11\/07\/cima-realiza-su-primer-seminario-de-investigacion\/#breadcrumb\"},\"inLanguage\":\"es\",\"potentialAction\":[{\"@type\":\"ReadAction\",\"target\":[\"https:\/\/educacion.udd.cl\/cima\/2024\/11\/07\/cima-realiza-su-primer-seminario-de-investigacion\/\"]}]},{\"@type\":\"ImageObject\",\"inLanguage\":\"es\",\"@id\":\"https:\/\/educacion.udd.cl\/cima\/2024\/11\/07\/cima-realiza-su-primer-seminario-de-investigacion\/#primaryimage\",\"url\":\"https:\/\/educacion.udd.cl\/cima\/files\/2024\/11\/whatsapp-image-2024-11-19-at-16-10-58-scaled.jpeg\",\"contentUrl\":\"https:\/\/educacion.udd.cl\/cima\/files\/2024\/11\/whatsapp-image-2024-11-19-at-16-10-58-scaled.jpeg\",\"width\":2560,\"height\":1920},{\"@type\":\"BreadcrumbList\",\"@id\":\"https:\/\/educacion.udd.cl\/cima\/2024\/11\/07\/cima-realiza-su-primer-seminario-de-investigacion\/#breadcrumb\",\"itemListElement\":[{\"@type\":\"ListItem\",\"position\":1,\"name\":\"Portada\",\"item\":\"https:\/\/educacion.udd.cl\/cima\/\"},{\"@type\":\"ListItem\",\"position\":2,\"name\":\"CIMA realiza su primer seminario de investigaci\u00f3n\"}]},{\"@type\":\"WebSite\",\"@id\":\"https:\/\/educacion.udd.cl\/cima\/#website\",\"url\":\"https:\/\/educacion.udd.cl\/cima\/\",\"name\":\"CIMA\",\"description\":\"\",\"inLanguage\":\"es\"},{\"@type\":\"Person\",\"@id\":\"https:\/\/educacion.udd.cl\/cima\/#\/schema\/person\/3aefcae87945fe9ede94cc7f7cb5c1a7\",\"name\":\"claudiagodia\",\"image\":{\"@type\":\"ImageObject\",\"inLanguage\":\"es\",\"@id\":\"https:\/\/educacion.udd.cl\/cima\/#\/schema\/person\/image\/\",\"url\":\"https:\/\/secure.gravatar.com\/avatar\/c7c585f20c9cd5b1fc8956abfd060f1af449288eb4e630466a5a53a84641a9ca?s=96&d=mm&r=g\",\"contentUrl\":\"https:\/\/secure.gravatar.com\/avatar\/c7c585f20c9cd5b1fc8956abfd060f1af449288eb4e630466a5a53a84641a9ca?s=96&d=mm&r=g\",\"caption\":\"claudiagodia\"},\"url\":\"https:\/\/educacion.udd.cl\/cima\/author\/claudiagodia\/\"}]}<\/script>\n<!-- \/ Yoast SEO plugin. -->","yoast_head_json":{"title":"CIMA realiza su primer seminario de investigaci\u00f3n - CIMA","robots":{"index":"index","follow":"follow","max-snippet":"max-snippet:-1","max-image-preview":"max-image-preview:large","max-video-preview":"max-video-preview:-1"},"canonical":"https:\/\/educacion.udd.cl\/cima\/2024\/11\/07\/cima-realiza-su-primer-seminario-de-investigacion\/","og_locale":"es_ES","og_type":"article","og_title":"CIMA realiza su primer seminario de investigaci\u00f3n - CIMA","og_description":"En la jornada, estudiantes e investigadores del centro presentaron los avances de diversos estudios, adem\u00e1s de participar en una feria de posters con 8 investigaciones realizadas miembros de la Facultad de Educaci\u00f3n UDD. El pasado martes 5 de noviembre, el Centro de Investigaci\u00f3n para la Mejora de los Aprendizajes (CIMA), de la Facultad de Educaci\u00f3n [&hellip;]","og_url":"https:\/\/educacion.udd.cl\/cima\/2024\/11\/07\/cima-realiza-su-primer-seminario-de-investigacion\/","og_site_name":"CIMA","article_published_time":"2024-11-07T19:20:00+00:00","article_modified_time":"2024-11-19T19:21:59+00:00","og_image":[{"width":2560,"height":1920,"url":"http:\/\/educacion.udd.cl\/cima\/files\/2024\/11\/whatsapp-image-2024-11-19-at-16-10-58-scaled.jpeg","type":"image\/jpeg"}],"author":"claudiagodia","twitter_card":"summary_large_image","twitter_misc":{"Escrito por":"claudiagodia","Tiempo de lectura":"6 minutos"},"schema":{"@context":"https:\/\/schema.org","@graph":[{"@type":"Article","@id":"https:\/\/educacion.udd.cl\/cima\/2024\/11\/07\/cima-realiza-su-primer-seminario-de-investigacion\/#article","isPartOf":{"@id":"https:\/\/educacion.udd.cl\/cima\/2024\/11\/07\/cima-realiza-su-primer-seminario-de-investigacion\/"},"author":{"name":"claudiagodia","@id":"https:\/\/educacion.udd.cl\/cima\/#\/schema\/person\/3aefcae87945fe9ede94cc7f7cb5c1a7"},"headline":"CIMA realiza su primer seminario de investigaci\u00f3n","datePublished":"2024-11-07T19:20:00+00:00","dateModified":"2024-11-19T19:21:59+00:00","mainEntityOfPage":{"@id":"https:\/\/educacion.udd.cl\/cima\/2024\/11\/07\/cima-realiza-su-primer-seminario-de-investigacion\/"},"wordCount":651,"image":{"@id":"https:\/\/educacion.udd.cl\/cima\/2024\/11\/07\/cima-realiza-su-primer-seminario-de-investigacion\/#primaryimage"},"thumbnailUrl":"https:\/\/educacion.udd.cl\/cima\/files\/2024\/11\/whatsapp-image-2024-11-19-at-16-10-58-scaled.jpeg","articleSection":["noticias"],"inLanguage":"es"},{"@type":"WebPage","@id":"https:\/\/educacion.udd.cl\/cima\/2024\/11\/07\/cima-realiza-su-primer-seminario-de-investigacion\/","url":"https:\/\/educacion.udd.cl\/cima\/2024\/11\/07\/cima-realiza-su-primer-seminario-de-investigacion\/","name":"CIMA realiza su primer seminario de investigaci\u00f3n - CIMA","isPartOf":{"@id":"https:\/\/educacion.udd.cl\/cima\/#website"},"primaryImageOfPage":{"@id":"https:\/\/educacion.udd.cl\/cima\/2024\/11\/07\/cima-realiza-su-primer-seminario-de-investigacion\/#primaryimage"},"image":{"@id":"https:\/\/educacion.udd.cl\/cima\/2024\/11\/07\/cima-realiza-su-primer-seminario-de-investigacion\/#primaryimage"},"thumbnailUrl":"https:\/\/educacion.udd.cl\/cima\/files\/2024\/11\/whatsapp-image-2024-11-19-at-16-10-58-scaled.jpeg","datePublished":"2024-11-07T19:20:00+00:00","dateModified":"2024-11-19T19:21:59+00:00","author":{"@id":"https:\/\/educacion.udd.cl\/cima\/#\/schema\/person\/3aefcae87945fe9ede94cc7f7cb5c1a7"},"breadcrumb":{"@id":"https:\/\/educacion.udd.cl\/cima\/2024\/11\/07\/cima-realiza-su-primer-seminario-de-investigacion\/#breadcrumb"},"inLanguage":"es","potentialAction":[{"@type":"ReadAction","target":["https:\/\/educacion.udd.cl\/cima\/2024\/11\/07\/cima-realiza-su-primer-seminario-de-investigacion\/"]}]},{"@type":"ImageObject","inLanguage":"es","@id":"https:\/\/educacion.udd.cl\/cima\/2024\/11\/07\/cima-realiza-su-primer-seminario-de-investigacion\/#primaryimage","url":"https:\/\/educacion.udd.cl\/cima\/files\/2024\/11\/whatsapp-image-2024-11-19-at-16-10-58-scaled.jpeg","contentUrl":"https:\/\/educacion.udd.cl\/cima\/files\/2024\/11\/whatsapp-image-2024-11-19-at-16-10-58-scaled.jpeg","width":2560,"height":1920},{"@type":"BreadcrumbList","@id":"https:\/\/educacion.udd.cl\/cima\/2024\/11\/07\/cima-realiza-su-primer-seminario-de-investigacion\/#breadcrumb","itemListElement":[{"@type":"ListItem","position":1,"name":"Portada","item":"https:\/\/educacion.udd.cl\/cima\/"},{"@type":"ListItem","position":2,"name":"CIMA realiza su primer seminario de investigaci\u00f3n"}]},{"@type":"WebSite","@id":"https:\/\/educacion.udd.cl\/cima\/#website","url":"https:\/\/educacion.udd.cl\/cima\/","name":"CIMA","description":"","inLanguage":"es"},{"@type":"Person","@id":"https:\/\/educacion.udd.cl\/cima\/#\/schema\/person\/3aefcae87945fe9ede94cc7f7cb5c1a7","name":"claudiagodia","image":{"@type":"ImageObject","inLanguage":"es","@id":"https:\/\/educacion.udd.cl\/cima\/#\/schema\/person\/image\/","url":"https:\/\/secure.gravatar.com\/avatar\/c7c585f20c9cd5b1fc8956abfd060f1af449288eb4e630466a5a53a84641a9ca?s=96&d=mm&r=g","contentUrl":"https:\/\/secure.gravatar.com\/avatar\/c7c585f20c9cd5b1fc8956abfd060f1af449288eb4e630466a5a53a84641a9ca?s=96&d=mm&r=g","caption":"claudiagodia"},"url":"https:\/\/educacion.udd.cl\/cima\/author\/claudiagodia\/"}]}},"featured_image_url":"https:\/\/educacion.udd.cl\/cima\/files\/2024\/11\/whatsapp-image-2024-11-19-at-16-10-58-scaled.jpeg","_links":{"self":[{"href":"https:\/\/educacion.udd.cl\/cima\/wp-json\/wp\/v2\/posts\/613","targetHints":{"allow":["GET"]}}],"collection":[{"href":"https:\/\/educacion.udd.cl\/cima\/wp-json\/wp\/v2\/posts"}],"about":[{"href":"https:\/\/educacion.udd.cl\/cima\/wp-json\/wp\/v2\/types\/post"}],"author":[{"embeddable":true,"href":"https:\/\/educacion.udd.cl\/cima\/wp-json\/wp\/v2\/users\/39"}],"replies":[{"embeddable":true,"href":"https:\/\/educacion.udd.cl\/cima\/wp-json\/wp\/v2\/comments?post=613"}],"version-history":[{"count":1,"href":"https:\/\/educacion.udd.cl\/cima\/wp-json\/wp\/v2\/posts\/613\/revisions"}],"predecessor-version":[{"id":629,"href":"https:\/\/educacion.udd.cl\/cima\/wp-json\/wp\/v2\/posts\/613\/revisions\/629"}],"wp:featuredmedia":[{"embeddable":true,"href":"https:\/\/educacion.udd.cl\/cima\/wp-json\/wp\/v2\/media\/621"}],"wp:attachment":[{"href":"https:\/\/educacion.udd.cl\/cima\/wp-json\/wp\/v2\/media?parent=613"}],"wp:term":[{"taxonomy":"category","embeddable":true,"href":"https:\/\/educacion.udd.cl\/cima\/wp-json\/wp\/v2\/categories?post=613"},{"taxonomy":"post_tag","embeddable":true,"href":"https:\/\/educacion.udd.cl\/cima\/wp-json\/wp\/v2\/tags?post=613"}],"curies":[{"name":"wp","href":"https:\/\/api.w.org\/{rel}","templated":true}]}}