{"id":601,"date":"2024-08-15T09:43:37","date_gmt":"2024-08-15T13:43:37","guid":{"rendered":"https:\/\/educacion.udd.cl\/cima\/?p=601"},"modified":"2024-08-28T09:44:52","modified_gmt":"2024-08-28T13:44:52","slug":"articulo-publicado-por-investigadoras-cima-demuestra-los-desafios-de-la-lectura-dialogica","status":"publish","type":"post","link":"https:\/\/educacion.udd.cl\/cima\/2024\/08\/15\/articulo-publicado-por-investigadoras-cima-demuestra-los-desafios-de-la-lectura-dialogica\/","title":{"rendered":"Art\u00edculo publicado por investigadoras CIMA demuestra los desaf\u00edos de la lectura dial\u00f3gica"},"content":{"rendered":"\n<p><em>El estudio se presenta como un recurso valioso para investigadores, educadores y todos aquellos interesados en el desarrollo infantil temprano, ofreciendo nuevas perspectivas sobre c\u00f3mo mejorar la formaci\u00f3n de educadores de p\u00e1rvulos para garantizar una implementaci\u00f3n m\u00e1s efectiva de la lectura dialogada.<\/em><\/p>\n\n\n\n<p>Montserrat Cubillos y Mariana Gerias, investigadoras del Centro de Investigaci\u00f3n para la Mejora de los Aprendizajes (CIMA) de la Facultad de Educaci\u00f3n UDD, publicaron recientemente en la prestigiosa revista <em>Early Childhood Education Journal<\/em> su art\u00edculo titulado \u201cMany Prompts Few Expansions: Preservice Early Childhood Educators&#8217; Implementation of Dialogic Reading\u201d, el cual explora la implementaci\u00f3n de la lectura dialogada con ni\u00f1os entre 1 y 6 a\u00f1os por parte de futuras educadoras de p\u00e1rvulos.<\/p>\n\n\n\n<p><strong>\u201cLa lectura dialogada o lectura dial\u00f3gica es un m\u00e9todo de lectura compartida que da protagonismo a los ni\u00f1os, permitiendo un impacto significativo en su desarrollo del lenguaje y comprensi\u00f3n\u201d, explica una de las investigadoras, Mariana Gerias, destacando que \u201csin embargo, los hallazgos del estudio subrayan la necesidad de una formaci\u00f3n m\u00e1s profunda en la formulaci\u00f3n de preguntas de alta demanda cognitiva por parte de las futuras educadoras, con el fin de maximizar los beneficios de esta pr\u00e1ctica\u201d.<\/strong><\/p>\n\n\n\n<p>De esta manera, entre los desaf\u00edos identificados, se encuentra la capacidad de las estudiantes para expandir espont\u00e1neamente las respuestas que los ni\u00f1os proveen durante la lectura. Este aspecto resulta clave para que los menores puedan obtener los m\u00e1ximos beneficios de la lectura dialogada, tal como fue concebida.<\/p>\n\n\n\n<p>Montserrat Cubillos, coautora del art\u00edculo, coment\u00f3 sobre la relevancia del estudio: <strong>\u00abTenemos muchas evidencias de estudios anteriores de que la lectura dial\u00f3gica es un m\u00e9todo efectivo para promover vocabulario y comprensi\u00f3n. Este art\u00edculo es relevante porque demuestra que la implementaci\u00f3n de la estructura de la lectura dial\u00f3gica tal cual como fue dise\u00f1ada es desafiante para los educadores en formaci\u00f3n. Tener presente esta dificultad invita a que los formadores de profesores seamos creativos y rigurosos en c\u00f3mo les ense\u00f1amos a las educadoras de p\u00e1rvulos a leer con ni\u00f1os, de manera que los ni\u00f1os efectivamente consigan los beneficios que el m\u00e9todo de lectura dialogada promete.\u00bb<\/strong><\/p>\n\n\n\n<p>Accede al art\u00edculo completo <a href=\"https:\/\/rdcu.be\/dRJ4D\">aqu\u00ed<\/a>.  \u00a0<\/p>\n","protected":false},"excerpt":{"rendered":"<p>El estudio se presenta como un recurso valioso para investigadores, educadores y todos aquellos interesados en el desarrollo infantil temprano, ofreciendo nuevas perspectivas sobre c\u00f3mo mejorar la formaci\u00f3n de educadores de p\u00e1rvulos para garantizar una implementaci\u00f3n m\u00e1s efectiva de la lectura dialogada. Montserrat Cubillos y Mariana Gerias, investigadoras del Centro de Investigaci\u00f3n para la Mejora [&hellip;]<\/p>\n","protected":false},"author":39,"featured_media":602,"comment_status":"closed","ping_status":"open","sticky":false,"template":"","format":"standard","meta":{"footnotes":""},"categories":[9],"tags":[],"class_list":["post-601","post","type-post","status-publish","format-standard","has-post-thumbnail","hentry","category-noticias"],"yoast_head":"<!-- This site is optimized with the Yoast SEO plugin v26.9 - https:\/\/yoast.com\/product\/yoast-seo-wordpress\/ -->\n<title>Art\u00edculo publicado por investigadoras CIMA demuestra los desaf\u00edos de la lectura dial\u00f3gica - CIMA<\/title>\n<meta name=\"robots\" content=\"index, follow, max-snippet:-1, max-image-preview:large, max-video-preview:-1\" \/>\n<link rel=\"canonical\" href=\"https:\/\/educacion.udd.cl\/cima\/2024\/08\/15\/articulo-publicado-por-investigadoras-cima-demuestra-los-desafios-de-la-lectura-dialogica\/\" \/>\n<meta property=\"og:locale\" content=\"es_ES\" \/>\n<meta property=\"og:type\" content=\"article\" \/>\n<meta property=\"og:title\" content=\"Art\u00edculo publicado por investigadoras CIMA demuestra los desaf\u00edos de la lectura dial\u00f3gica - CIMA\" \/>\n<meta property=\"og:description\" content=\"El estudio se presenta como un recurso valioso para investigadores, educadores y todos aquellos interesados en el desarrollo infantil temprano, ofreciendo nuevas perspectivas sobre c\u00f3mo mejorar la formaci\u00f3n de educadores de p\u00e1rvulos para garantizar una implementaci\u00f3n m\u00e1s efectiva de la lectura dialogada. Montserrat Cubillos y Mariana Gerias, investigadoras del Centro de Investigaci\u00f3n para la Mejora [&hellip;]\" \/>\n<meta property=\"og:url\" content=\"https:\/\/educacion.udd.cl\/cima\/2024\/08\/15\/articulo-publicado-por-investigadoras-cima-demuestra-los-desafios-de-la-lectura-dialogica\/\" \/>\n<meta property=\"og:site_name\" content=\"CIMA\" \/>\n<meta property=\"article:published_time\" content=\"2024-08-15T13:43:37+00:00\" \/>\n<meta property=\"article:modified_time\" content=\"2024-08-28T13:44:52+00:00\" \/>\n<meta property=\"og:image\" content=\"http:\/\/educacion.udd.cl\/cima\/files\/2024\/08\/pxl_20220603_150644072-mp_montserrat-cubillos-scaled.jpg\" \/>\n\t<meta property=\"og:image:width\" content=\"2560\" \/>\n\t<meta property=\"og:image:height\" content=\"1920\" \/>\n\t<meta property=\"og:image:type\" content=\"image\/jpeg\" \/>\n<meta name=\"author\" content=\"claudiagodia\" \/>\n<meta name=\"twitter:card\" content=\"summary_large_image\" \/>\n<meta name=\"twitter:label1\" content=\"Escrito por\" \/>\n\t<meta name=\"twitter:data1\" content=\"claudiagodia\" \/>\n\t<meta name=\"twitter:label2\" content=\"Tiempo de lectura\" \/>\n\t<meta name=\"twitter:data2\" content=\"2 minutos\" \/>\n<script type=\"application\/ld+json\" class=\"yoast-schema-graph\">{\"@context\":\"https:\/\/schema.org\",\"@graph\":[{\"@type\":\"Article\",\"@id\":\"https:\/\/educacion.udd.cl\/cima\/2024\/08\/15\/articulo-publicado-por-investigadoras-cima-demuestra-los-desafios-de-la-lectura-dialogica\/#article\",\"isPartOf\":{\"@id\":\"https:\/\/educacion.udd.cl\/cima\/2024\/08\/15\/articulo-publicado-por-investigadoras-cima-demuestra-los-desafios-de-la-lectura-dialogica\/\"},\"author\":{\"name\":\"claudiagodia\",\"@id\":\"https:\/\/educacion.udd.cl\/cima\/#\/schema\/person\/3aefcae87945fe9ede94cc7f7cb5c1a7\"},\"headline\":\"Art\u00edculo publicado por investigadoras CIMA demuestra los desaf\u00edos de la lectura dial\u00f3gica\",\"datePublished\":\"2024-08-15T13:43:37+00:00\",\"dateModified\":\"2024-08-28T13:44:52+00:00\",\"mainEntityOfPage\":{\"@id\":\"https:\/\/educacion.udd.cl\/cima\/2024\/08\/15\/articulo-publicado-por-investigadoras-cima-demuestra-los-desafios-de-la-lectura-dialogica\/\"},\"wordCount\":398,\"image\":{\"@id\":\"https:\/\/educacion.udd.cl\/cima\/2024\/08\/15\/articulo-publicado-por-investigadoras-cima-demuestra-los-desafios-de-la-lectura-dialogica\/#primaryimage\"},\"thumbnailUrl\":\"https:\/\/educacion.udd.cl\/cima\/files\/2024\/08\/pxl_20220603_150644072-mp_montserrat-cubillos-scaled.jpg\",\"articleSection\":[\"noticias\"],\"inLanguage\":\"es\"},{\"@type\":\"WebPage\",\"@id\":\"https:\/\/educacion.udd.cl\/cima\/2024\/08\/15\/articulo-publicado-por-investigadoras-cima-demuestra-los-desafios-de-la-lectura-dialogica\/\",\"url\":\"https:\/\/educacion.udd.cl\/cima\/2024\/08\/15\/articulo-publicado-por-investigadoras-cima-demuestra-los-desafios-de-la-lectura-dialogica\/\",\"name\":\"Art\u00edculo publicado por investigadoras CIMA demuestra los desaf\u00edos de la lectura dial\u00f3gica - CIMA\",\"isPartOf\":{\"@id\":\"https:\/\/educacion.udd.cl\/cima\/#website\"},\"primaryImageOfPage\":{\"@id\":\"https:\/\/educacion.udd.cl\/cima\/2024\/08\/15\/articulo-publicado-por-investigadoras-cima-demuestra-los-desafios-de-la-lectura-dialogica\/#primaryimage\"},\"image\":{\"@id\":\"https:\/\/educacion.udd.cl\/cima\/2024\/08\/15\/articulo-publicado-por-investigadoras-cima-demuestra-los-desafios-de-la-lectura-dialogica\/#primaryimage\"},\"thumbnailUrl\":\"https:\/\/educacion.udd.cl\/cima\/files\/2024\/08\/pxl_20220603_150644072-mp_montserrat-cubillos-scaled.jpg\",\"datePublished\":\"2024-08-15T13:43:37+00:00\",\"dateModified\":\"2024-08-28T13:44:52+00:00\",\"author\":{\"@id\":\"https:\/\/educacion.udd.cl\/cima\/#\/schema\/person\/3aefcae87945fe9ede94cc7f7cb5c1a7\"},\"breadcrumb\":{\"@id\":\"https:\/\/educacion.udd.cl\/cima\/2024\/08\/15\/articulo-publicado-por-investigadoras-cima-demuestra-los-desafios-de-la-lectura-dialogica\/#breadcrumb\"},\"inLanguage\":\"es\",\"potentialAction\":[{\"@type\":\"ReadAction\",\"target\":[\"https:\/\/educacion.udd.cl\/cima\/2024\/08\/15\/articulo-publicado-por-investigadoras-cima-demuestra-los-desafios-de-la-lectura-dialogica\/\"]}]},{\"@type\":\"ImageObject\",\"inLanguage\":\"es\",\"@id\":\"https:\/\/educacion.udd.cl\/cima\/2024\/08\/15\/articulo-publicado-por-investigadoras-cima-demuestra-los-desafios-de-la-lectura-dialogica\/#primaryimage\",\"url\":\"https:\/\/educacion.udd.cl\/cima\/files\/2024\/08\/pxl_20220603_150644072-mp_montserrat-cubillos-scaled.jpg\",\"contentUrl\":\"https:\/\/educacion.udd.cl\/cima\/files\/2024\/08\/pxl_20220603_150644072-mp_montserrat-cubillos-scaled.jpg\",\"width\":2560,\"height\":1920},{\"@type\":\"BreadcrumbList\",\"@id\":\"https:\/\/educacion.udd.cl\/cima\/2024\/08\/15\/articulo-publicado-por-investigadoras-cima-demuestra-los-desafios-de-la-lectura-dialogica\/#breadcrumb\",\"itemListElement\":[{\"@type\":\"ListItem\",\"position\":1,\"name\":\"Portada\",\"item\":\"https:\/\/educacion.udd.cl\/cima\/\"},{\"@type\":\"ListItem\",\"position\":2,\"name\":\"Art\u00edculo publicado por investigadoras CIMA demuestra los desaf\u00edos de la lectura dial\u00f3gica\"}]},{\"@type\":\"WebSite\",\"@id\":\"https:\/\/educacion.udd.cl\/cima\/#website\",\"url\":\"https:\/\/educacion.udd.cl\/cima\/\",\"name\":\"CIMA\",\"description\":\"\",\"inLanguage\":\"es\"},{\"@type\":\"Person\",\"@id\":\"https:\/\/educacion.udd.cl\/cima\/#\/schema\/person\/3aefcae87945fe9ede94cc7f7cb5c1a7\",\"name\":\"claudiagodia\",\"image\":{\"@type\":\"ImageObject\",\"inLanguage\":\"es\",\"@id\":\"https:\/\/educacion.udd.cl\/cima\/#\/schema\/person\/image\/\",\"url\":\"https:\/\/secure.gravatar.com\/avatar\/c7c585f20c9cd5b1fc8956abfd060f1af449288eb4e630466a5a53a84641a9ca?s=96&d=mm&r=g\",\"contentUrl\":\"https:\/\/secure.gravatar.com\/avatar\/c7c585f20c9cd5b1fc8956abfd060f1af449288eb4e630466a5a53a84641a9ca?s=96&d=mm&r=g\",\"caption\":\"claudiagodia\"},\"url\":\"https:\/\/educacion.udd.cl\/cima\/author\/claudiagodia\/\"}]}<\/script>\n<!-- \/ Yoast SEO plugin. -->","yoast_head_json":{"title":"Art\u00edculo publicado por investigadoras CIMA demuestra los desaf\u00edos de la lectura dial\u00f3gica - CIMA","robots":{"index":"index","follow":"follow","max-snippet":"max-snippet:-1","max-image-preview":"max-image-preview:large","max-video-preview":"max-video-preview:-1"},"canonical":"https:\/\/educacion.udd.cl\/cima\/2024\/08\/15\/articulo-publicado-por-investigadoras-cima-demuestra-los-desafios-de-la-lectura-dialogica\/","og_locale":"es_ES","og_type":"article","og_title":"Art\u00edculo publicado por investigadoras CIMA demuestra los desaf\u00edos de la lectura dial\u00f3gica - CIMA","og_description":"El estudio se presenta como un recurso valioso para investigadores, educadores y todos aquellos interesados en el desarrollo infantil temprano, ofreciendo nuevas perspectivas sobre c\u00f3mo mejorar la formaci\u00f3n de educadores de p\u00e1rvulos para garantizar una implementaci\u00f3n m\u00e1s efectiva de la lectura dialogada. Montserrat Cubillos y Mariana Gerias, investigadoras del Centro de Investigaci\u00f3n para la Mejora [&hellip;]","og_url":"https:\/\/educacion.udd.cl\/cima\/2024\/08\/15\/articulo-publicado-por-investigadoras-cima-demuestra-los-desafios-de-la-lectura-dialogica\/","og_site_name":"CIMA","article_published_time":"2024-08-15T13:43:37+00:00","article_modified_time":"2024-08-28T13:44:52+00:00","og_image":[{"width":2560,"height":1920,"url":"http:\/\/educacion.udd.cl\/cima\/files\/2024\/08\/pxl_20220603_150644072-mp_montserrat-cubillos-scaled.jpg","type":"image\/jpeg"}],"author":"claudiagodia","twitter_card":"summary_large_image","twitter_misc":{"Escrito por":"claudiagodia","Tiempo de lectura":"2 minutos"},"schema":{"@context":"https:\/\/schema.org","@graph":[{"@type":"Article","@id":"https:\/\/educacion.udd.cl\/cima\/2024\/08\/15\/articulo-publicado-por-investigadoras-cima-demuestra-los-desafios-de-la-lectura-dialogica\/#article","isPartOf":{"@id":"https:\/\/educacion.udd.cl\/cima\/2024\/08\/15\/articulo-publicado-por-investigadoras-cima-demuestra-los-desafios-de-la-lectura-dialogica\/"},"author":{"name":"claudiagodia","@id":"https:\/\/educacion.udd.cl\/cima\/#\/schema\/person\/3aefcae87945fe9ede94cc7f7cb5c1a7"},"headline":"Art\u00edculo publicado por investigadoras CIMA demuestra los desaf\u00edos de la lectura dial\u00f3gica","datePublished":"2024-08-15T13:43:37+00:00","dateModified":"2024-08-28T13:44:52+00:00","mainEntityOfPage":{"@id":"https:\/\/educacion.udd.cl\/cima\/2024\/08\/15\/articulo-publicado-por-investigadoras-cima-demuestra-los-desafios-de-la-lectura-dialogica\/"},"wordCount":398,"image":{"@id":"https:\/\/educacion.udd.cl\/cima\/2024\/08\/15\/articulo-publicado-por-investigadoras-cima-demuestra-los-desafios-de-la-lectura-dialogica\/#primaryimage"},"thumbnailUrl":"https:\/\/educacion.udd.cl\/cima\/files\/2024\/08\/pxl_20220603_150644072-mp_montserrat-cubillos-scaled.jpg","articleSection":["noticias"],"inLanguage":"es"},{"@type":"WebPage","@id":"https:\/\/educacion.udd.cl\/cima\/2024\/08\/15\/articulo-publicado-por-investigadoras-cima-demuestra-los-desafios-de-la-lectura-dialogica\/","url":"https:\/\/educacion.udd.cl\/cima\/2024\/08\/15\/articulo-publicado-por-investigadoras-cima-demuestra-los-desafios-de-la-lectura-dialogica\/","name":"Art\u00edculo publicado por investigadoras CIMA demuestra los desaf\u00edos de la lectura dial\u00f3gica - CIMA","isPartOf":{"@id":"https:\/\/educacion.udd.cl\/cima\/#website"},"primaryImageOfPage":{"@id":"https:\/\/educacion.udd.cl\/cima\/2024\/08\/15\/articulo-publicado-por-investigadoras-cima-demuestra-los-desafios-de-la-lectura-dialogica\/#primaryimage"},"image":{"@id":"https:\/\/educacion.udd.cl\/cima\/2024\/08\/15\/articulo-publicado-por-investigadoras-cima-demuestra-los-desafios-de-la-lectura-dialogica\/#primaryimage"},"thumbnailUrl":"https:\/\/educacion.udd.cl\/cima\/files\/2024\/08\/pxl_20220603_150644072-mp_montserrat-cubillos-scaled.jpg","datePublished":"2024-08-15T13:43:37+00:00","dateModified":"2024-08-28T13:44:52+00:00","author":{"@id":"https:\/\/educacion.udd.cl\/cima\/#\/schema\/person\/3aefcae87945fe9ede94cc7f7cb5c1a7"},"breadcrumb":{"@id":"https:\/\/educacion.udd.cl\/cima\/2024\/08\/15\/articulo-publicado-por-investigadoras-cima-demuestra-los-desafios-de-la-lectura-dialogica\/#breadcrumb"},"inLanguage":"es","potentialAction":[{"@type":"ReadAction","target":["https:\/\/educacion.udd.cl\/cima\/2024\/08\/15\/articulo-publicado-por-investigadoras-cima-demuestra-los-desafios-de-la-lectura-dialogica\/"]}]},{"@type":"ImageObject","inLanguage":"es","@id":"https:\/\/educacion.udd.cl\/cima\/2024\/08\/15\/articulo-publicado-por-investigadoras-cima-demuestra-los-desafios-de-la-lectura-dialogica\/#primaryimage","url":"https:\/\/educacion.udd.cl\/cima\/files\/2024\/08\/pxl_20220603_150644072-mp_montserrat-cubillos-scaled.jpg","contentUrl":"https:\/\/educacion.udd.cl\/cima\/files\/2024\/08\/pxl_20220603_150644072-mp_montserrat-cubillos-scaled.jpg","width":2560,"height":1920},{"@type":"BreadcrumbList","@id":"https:\/\/educacion.udd.cl\/cima\/2024\/08\/15\/articulo-publicado-por-investigadoras-cima-demuestra-los-desafios-de-la-lectura-dialogica\/#breadcrumb","itemListElement":[{"@type":"ListItem","position":1,"name":"Portada","item":"https:\/\/educacion.udd.cl\/cima\/"},{"@type":"ListItem","position":2,"name":"Art\u00edculo publicado por investigadoras CIMA demuestra los desaf\u00edos de la lectura dial\u00f3gica"}]},{"@type":"WebSite","@id":"https:\/\/educacion.udd.cl\/cima\/#website","url":"https:\/\/educacion.udd.cl\/cima\/","name":"CIMA","description":"","inLanguage":"es"},{"@type":"Person","@id":"https:\/\/educacion.udd.cl\/cima\/#\/schema\/person\/3aefcae87945fe9ede94cc7f7cb5c1a7","name":"claudiagodia","image":{"@type":"ImageObject","inLanguage":"es","@id":"https:\/\/educacion.udd.cl\/cima\/#\/schema\/person\/image\/","url":"https:\/\/secure.gravatar.com\/avatar\/c7c585f20c9cd5b1fc8956abfd060f1af449288eb4e630466a5a53a84641a9ca?s=96&d=mm&r=g","contentUrl":"https:\/\/secure.gravatar.com\/avatar\/c7c585f20c9cd5b1fc8956abfd060f1af449288eb4e630466a5a53a84641a9ca?s=96&d=mm&r=g","caption":"claudiagodia"},"url":"https:\/\/educacion.udd.cl\/cima\/author\/claudiagodia\/"}]}},"featured_image_url":"https:\/\/educacion.udd.cl\/cima\/files\/2024\/08\/pxl_20220603_150644072-mp_montserrat-cubillos-scaled.jpg","_links":{"self":[{"href":"https:\/\/educacion.udd.cl\/cima\/wp-json\/wp\/v2\/posts\/601","targetHints":{"allow":["GET"]}}],"collection":[{"href":"https:\/\/educacion.udd.cl\/cima\/wp-json\/wp\/v2\/posts"}],"about":[{"href":"https:\/\/educacion.udd.cl\/cima\/wp-json\/wp\/v2\/types\/post"}],"author":[{"embeddable":true,"href":"https:\/\/educacion.udd.cl\/cima\/wp-json\/wp\/v2\/users\/39"}],"replies":[{"embeddable":true,"href":"https:\/\/educacion.udd.cl\/cima\/wp-json\/wp\/v2\/comments?post=601"}],"version-history":[{"count":1,"href":"https:\/\/educacion.udd.cl\/cima\/wp-json\/wp\/v2\/posts\/601\/revisions"}],"predecessor-version":[{"id":603,"href":"https:\/\/educacion.udd.cl\/cima\/wp-json\/wp\/v2\/posts\/601\/revisions\/603"}],"wp:featuredmedia":[{"embeddable":true,"href":"https:\/\/educacion.udd.cl\/cima\/wp-json\/wp\/v2\/media\/602"}],"wp:attachment":[{"href":"https:\/\/educacion.udd.cl\/cima\/wp-json\/wp\/v2\/media?parent=601"}],"wp:term":[{"taxonomy":"category","embeddable":true,"href":"https:\/\/educacion.udd.cl\/cima\/wp-json\/wp\/v2\/categories?post=601"},{"taxonomy":"post_tag","embeddable":true,"href":"https:\/\/educacion.udd.cl\/cima\/wp-json\/wp\/v2\/tags?post=601"}],"curies":[{"name":"wp","href":"https:\/\/api.w.org\/{rel}","templated":true}]}}