{"id":594,"date":"2024-08-08T12:54:19","date_gmt":"2024-08-08T16:54:19","guid":{"rendered":"https:\/\/educacion.udd.cl\/cima\/?p=594"},"modified":"2024-08-13T12:55:27","modified_gmt":"2024-08-13T16:55:27","slug":"investigador-de-cima-participa-en-37-reunion-latinoamerica-de-matematica-educativa-en-costa-rica","status":"publish","type":"post","link":"https:\/\/educacion.udd.cl\/cima\/2024\/08\/08\/investigador-de-cima-participa-en-37-reunion-latinoamerica-de-matematica-educativa-en-costa-rica\/","title":{"rendered":"Investigador de CIMA participa en 37\u00b0 Reuni\u00f3n Latinoam\u00e9rica de Matem\u00e1tica Educativa en Costa Rica"},"content":{"rendered":"\n<p><em>Durante su estad\u00eda en este pa\u00eds, el acad\u00e9mico Pedro Vidal-Szab\u00f3 tuvo la oportunidad de reunirse con investigadores de la Universidad de Costa Rica, dirigir un curso y representar a Educaci\u00f3n UDD en el encuentro internacional de matem\u00e1tica, RELME-37.<\/em><\/p>\n\n\n\n<p>El pasado mes de julio, el investigador principal del Centro de Investigaci\u00f3n para la Mejora de los Aprendizajes (CIMA) y coordinador del \u00e1rea de matem\u00e1tica de la Facultad de Educaci\u00f3n UDD, Pedro Vidal-Szab\u00f3, particip\u00f3 en diversas instancias acad\u00e9micas con la Universidad de Costa Rica.<\/p>\n\n\n\n<p>Durante su estancia acad\u00e9mica dirigi\u00f3 un curso llamado \u201cModelo de Conocimiento Especializado del Profesor de Estad\u00edstica [STSK]: avances y desaf\u00edos\u00bb, donde participaron acad\u00e9micos y estudiantes de pregrado y abordaron los avances y desaf\u00edos de la investigaci\u00f3n en esta materia, adem\u00e1s de dialogar sobre la importancia de la diferenciaci\u00f3n entre el trabajo estad\u00edstico y matem\u00e1tico del estudiantado.<\/p>\n\n\n\n<p><strong>\u201cSin duda, instancias como estas nos permiten explorar oportunidades de colaboraci\u00f3n para desarrollar de forma conjunta l\u00edneas y tem\u00e1ticas de investigaci\u00f3n o acci\u00f3n social que fortalezcan el lazo entre nuestras dos universidades\u201d, destac\u00f3 al respecto. \u00a0<\/strong><\/p>\n\n\n<section class=\"wp-block-udd-gallery-carousel wp-carousel-gallery\">\n\t<div class=\"container\">\n\t\t<div\n\t\t\tclass=\"slick-carousel gallery-slick-carousel gallery-carousel--1\"\n\t\t\tdata-slick='{&quot;slidesToScroll&quot;:1,&quot;slidesToShow&quot;:1,&quot;appendDots&quot;:&quot;#dots-69f283db26a99&quot;,&quot;prevArrow&quot;:&quot;&lt;button type=\\&quot;button\\&quot; class=\\&quot;btn btn-primary slick-prev\\&quot;&gt;&lt;svg class=\\&quot;svg-chevron-left-dims\\&quot;&gt;&lt;use xlink:href=&#039;https:\\\/\\\/educacion.udd.cl\\\/cima\\\/wp-content\\\/themes\\\/facultades-2018\\\/assets\\\/img\\\/svg\\\/dist\\\/main.svg?version=1695853099#chevron-left&#039;&gt;&lt;\\\/use&gt;&lt;\\\/svg&gt;&lt;span class=\\&quot;sr-only\\&quot;&gt;Anterior&lt;\\\/span&gt;&lt;\\\/button&gt;&quot;,&quot;nextArrow&quot;:&quot;&lt;button type=\\&quot;button\\&quot; class=\\&quot;btn btn-primary slick-next\\&quot;&gt;&lt;svg class=\\&quot;svg-chevron-right-dims\\&quot;&gt;&lt;use xlink:href=&#039;https:\\\/\\\/educacion.udd.cl\\\/cima\\\/wp-content\\\/themes\\\/facultades-2018\\\/assets\\\/img\\\/svg\\\/dist\\\/main.svg?version=1695853099#chevron-right&#039;&gt;&lt;\\\/use&gt;&lt;\\\/svg&gt;&lt;span class=\\&quot;sr-only\\&quot;&gt;Siguiente&lt;\\\/span&gt;&lt;\\\/button&gt;&quot;,&quot;infinite&quot;:true,&quot;dots&quot;:true}'\n\t\t>\n\t\t\t\t\t\t\t<figure>\n\t\t\t\t\t<img loading=\"lazy\" decoding=\"async\" width=\"1280\" height=\"576\" src=\"https:\/\/educacion.udd.cl\/cima\/wp-content\/plugins\/wp-async-img-load\/blank.png\" class=\"attachment-1280x720 size-1280x720 lazyload\" alt=\"\" sizes=\"auto, (max-width: 1280px) 100vw, 1280px\" data-src=\"https:\/\/educacion.udd.cl\/cima\/files\/2024\/08\/viernes-ucr-1.jpg\" data-srcset=\"https:\/\/educacion.udd.cl\/cima\/files\/2024\/08\/viernes-ucr-1.jpg 1600w, https:\/\/educacion.udd.cl\/cima\/files\/2024\/08\/viernes-ucr-1-300x135.jpg 300w, https:\/\/educacion.udd.cl\/cima\/files\/2024\/08\/viernes-ucr-1-1024x461.jpg 1024w, https:\/\/educacion.udd.cl\/cima\/files\/2024\/08\/viernes-ucr-1-768x346.jpg 768w, https:\/\/educacion.udd.cl\/cima\/files\/2024\/08\/viernes-ucr-1-1536x691.jpg 1536w\" \/>\t\t\t\t\t\t\t\t\t<\/figure>\n\t\t\t\t\t\t\t<figure>\n\t\t\t\t\t<img loading=\"lazy\" decoding=\"async\" width=\"1280\" height=\"720\" src=\"https:\/\/educacion.udd.cl\/cima\/wp-content\/plugins\/wp-async-img-load\/blank.png\" class=\"attachment-1280x720 size-1280x720 lazyload\" alt=\"\" sizes=\"auto, (max-width: 1280px) 100vw, 1280px\" data-src=\"https:\/\/educacion.udd.cl\/cima\/files\/2024\/08\/relme-37-1-1366x768.jpg\" data-srcset=\"https:\/\/educacion.udd.cl\/cima\/files\/2024\/08\/relme-37-1-1366x768.jpg 1366w, https:\/\/educacion.udd.cl\/cima\/files\/2024\/08\/relme-37-1-300x169.jpg 300w, https:\/\/educacion.udd.cl\/cima\/files\/2024\/08\/relme-37-1-1024x576.jpg 1024w, https:\/\/educacion.udd.cl\/cima\/files\/2024\/08\/relme-37-1-768x432.jpg 768w, https:\/\/educacion.udd.cl\/cima\/files\/2024\/08\/relme-37-1-1536x864.jpg 1536w, https:\/\/educacion.udd.cl\/cima\/files\/2024\/08\/relme-37-1-680x382.jpg 680w, https:\/\/educacion.udd.cl\/cima\/files\/2024\/08\/relme-37-1.jpg 1600w\" \/>\t\t\t\t\t\t\t\t\t<\/figure>\n\t\t\t\t\t\t\t<figure>\n\t\t\t\t\t<img loading=\"lazy\" decoding=\"async\" width=\"1280\" height=\"720\" src=\"https:\/\/educacion.udd.cl\/cima\/wp-content\/plugins\/wp-async-img-load\/blank.png\" class=\"attachment-1280x720 size-1280x720 lazyload\" alt=\"\" sizes=\"auto, (max-width: 1280px) 100vw, 1280px\" data-src=\"https:\/\/educacion.udd.cl\/cima\/files\/2024\/08\/relme-37-2-1366x768.jpg\" data-srcset=\"https:\/\/educacion.udd.cl\/cima\/files\/2024\/08\/relme-37-2-1366x768.jpg 1366w, https:\/\/educacion.udd.cl\/cima\/files\/2024\/08\/relme-37-2-680x382.jpg 680w\" \/>\t\t\t\t\t\t\t\t\t<\/figure>\n\t\t\t\t\t\t\t<figure>\n\t\t\t\t\t<img loading=\"lazy\" decoding=\"async\" width=\"1280\" height=\"720\" src=\"https:\/\/educacion.udd.cl\/cima\/wp-content\/plugins\/wp-async-img-load\/blank.png\" class=\"attachment-1280x720 size-1280x720 lazyload\" alt=\"\" sizes=\"auto, (max-width: 1280px) 100vw, 1280px\" data-src=\"https:\/\/educacion.udd.cl\/cima\/files\/2024\/08\/relme-37-4-1366x768.jpg\" data-srcset=\"https:\/\/educacion.udd.cl\/cima\/files\/2024\/08\/relme-37-4-1366x768.jpg 1366w, https:\/\/educacion.udd.cl\/cima\/files\/2024\/08\/relme-37-4-300x169.jpg 300w, https:\/\/educacion.udd.cl\/cima\/files\/2024\/08\/relme-37-4-1024x576.jpg 1024w, https:\/\/educacion.udd.cl\/cima\/files\/2024\/08\/relme-37-4-768x432.jpg 768w, https:\/\/educacion.udd.cl\/cima\/files\/2024\/08\/relme-37-4-1536x864.jpg 1536w, https:\/\/educacion.udd.cl\/cima\/files\/2024\/08\/relme-37-4-680x382.jpg 680w, https:\/\/educacion.udd.cl\/cima\/files\/2024\/08\/relme-37-4.jpg 1600w\" \/>\t\t\t\t\t\t\t\t\t<\/figure>\n\t\t\t\t\t<\/div>\n\t\t<div\n\t\t\tclass=\"carousel-gallery--carousel-dots\"\n\t\t\tid=\"dots-69f283db26a99\"\n\t\t><\/div>\n\t<\/div>\n<\/section>\n\n\n\n<p>Asimismo, durante su visita, el acad\u00e9mico particip\u00f3 en la versi\u00f3n 37 de la Reuni\u00f3n Latinoamericana de Matem\u00e1tica Educativa (RELME), dirigiendo un curso de la actividad, \u201cLa Estad\u00edstica Temprana: Experiencias y Reflexiones did\u00e1cticas a partir de Tareas\u201d, en el que participaron profesores de matem\u00e1tica y estudiantes de pregrado y postgrado, donde reflexionaron sobre diversos aspectos de la educaci\u00f3n estad\u00edsticas a partir de tareas que se implementaron el a\u00f1o 2023 en la carrera Pedagog\u00eda en Educaci\u00f3n B\u00e1sica con menci\u00f3n Ingl\u00e9s, de la UDD, espec\u00edficamente en la asignatura \u00c1lgebra, Datos y Azar.<\/p>\n\n\n\n<p><strong>\u201cEstas instancias de investigaci\u00f3n permiten intercambios y conexiones con otros pa\u00edses, mediante di\u00e1logos con estudiantes de pregrado y postgrado y con colegas investigadores en el \u00e1rea de la matem\u00e1tica educativa y de la educaci\u00f3n estad\u00edstica\u201d, evalu\u00f3 el acad\u00e9mico, agregando que \u201cRELME convoc\u00f3 a m\u00e1s de 300 profesores, lo cual nos permiti\u00f3 conocer diversas experiencias matem\u00e1ticas educativas de distintas partes del mundo y contextos\u201d.<\/strong><\/p>\n","protected":false},"excerpt":{"rendered":"<p>Durante su estad\u00eda en este pa\u00eds, el acad\u00e9mico Pedro Vidal-Szab\u00f3 tuvo la oportunidad de reunirse con investigadores de la Universidad de Costa Rica, dirigir un curso y representar a Educaci\u00f3n UDD en el encuentro internacional de matem\u00e1tica, RELME-37. El pasado mes de julio, el investigador principal del Centro de Investigaci\u00f3n para la Mejora de los [&hellip;]<\/p>\n","protected":false},"author":39,"featured_media":598,"comment_status":"closed","ping_status":"open","sticky":false,"template":"","format":"standard","meta":{"footnotes":""},"categories":[9],"tags":[],"class_list":["post-594","post","type-post","status-publish","format-standard","has-post-thumbnail","hentry","category-noticias"],"yoast_head":"<!-- This site is optimized with the Yoast SEO plugin v26.9 - https:\/\/yoast.com\/product\/yoast-seo-wordpress\/ -->\n<title>Investigador de CIMA participa en 37\u00b0 Reuni\u00f3n Latinoam\u00e9rica de Matem\u00e1tica Educativa en Costa Rica - CIMA<\/title>\n<meta name=\"robots\" content=\"index, follow, max-snippet:-1, max-image-preview:large, max-video-preview:-1\" \/>\n<link rel=\"canonical\" href=\"https:\/\/educacion.udd.cl\/cima\/2024\/08\/08\/investigador-de-cima-participa-en-37-reunion-latinoamerica-de-matematica-educativa-en-costa-rica\/\" \/>\n<meta property=\"og:locale\" content=\"es_ES\" \/>\n<meta property=\"og:type\" content=\"article\" \/>\n<meta property=\"og:title\" content=\"Investigador de CIMA participa en 37\u00b0 Reuni\u00f3n Latinoam\u00e9rica de Matem\u00e1tica Educativa en Costa Rica - CIMA\" \/>\n<meta property=\"og:description\" content=\"Durante su estad\u00eda en este pa\u00eds, el acad\u00e9mico Pedro Vidal-Szab\u00f3 tuvo la oportunidad de reunirse con investigadores de la Universidad de Costa Rica, dirigir un curso y representar a Educaci\u00f3n UDD en el encuentro internacional de matem\u00e1tica, RELME-37. El pasado mes de julio, el investigador principal del Centro de Investigaci\u00f3n para la Mejora de los [&hellip;]\" \/>\n<meta property=\"og:url\" content=\"https:\/\/educacion.udd.cl\/cima\/2024\/08\/08\/investigador-de-cima-participa-en-37-reunion-latinoamerica-de-matematica-educativa-en-costa-rica\/\" \/>\n<meta property=\"og:site_name\" content=\"CIMA\" \/>\n<meta property=\"article:published_time\" content=\"2024-08-08T16:54:19+00:00\" \/>\n<meta property=\"article:modified_time\" content=\"2024-08-13T16:55:27+00:00\" \/>\n<meta property=\"og:image\" content=\"http:\/\/educacion.udd.cl\/cima\/files\/2024\/08\/relme-37-1.jpg\" \/>\n\t<meta property=\"og:image:width\" content=\"1600\" \/>\n\t<meta property=\"og:image:height\" content=\"900\" \/>\n\t<meta property=\"og:image:type\" content=\"image\/jpeg\" \/>\n<meta name=\"author\" content=\"claudiagodia\" \/>\n<meta name=\"twitter:card\" content=\"summary_large_image\" \/>\n<meta name=\"twitter:label1\" content=\"Escrito por\" \/>\n\t<meta name=\"twitter:data1\" content=\"claudiagodia\" \/>\n\t<meta name=\"twitter:label2\" content=\"Tiempo de lectura\" \/>\n\t<meta name=\"twitter:data2\" content=\"3 minutos\" \/>\n<script type=\"application\/ld+json\" class=\"yoast-schema-graph\">{\"@context\":\"https:\/\/schema.org\",\"@graph\":[{\"@type\":\"Article\",\"@id\":\"https:\/\/educacion.udd.cl\/cima\/2024\/08\/08\/investigador-de-cima-participa-en-37-reunion-latinoamerica-de-matematica-educativa-en-costa-rica\/#article\",\"isPartOf\":{\"@id\":\"https:\/\/educacion.udd.cl\/cima\/2024\/08\/08\/investigador-de-cima-participa-en-37-reunion-latinoamerica-de-matematica-educativa-en-costa-rica\/\"},\"author\":{\"name\":\"claudiagodia\",\"@id\":\"https:\/\/educacion.udd.cl\/cima\/#\/schema\/person\/3aefcae87945fe9ede94cc7f7cb5c1a7\"},\"headline\":\"Investigador de CIMA participa en 37\u00b0 Reuni\u00f3n Latinoam\u00e9rica de Matem\u00e1tica Educativa en Costa Rica\",\"datePublished\":\"2024-08-08T16:54:19+00:00\",\"dateModified\":\"2024-08-13T16:55:27+00:00\",\"mainEntityOfPage\":{\"@id\":\"https:\/\/educacion.udd.cl\/cima\/2024\/08\/08\/investigador-de-cima-participa-en-37-reunion-latinoamerica-de-matematica-educativa-en-costa-rica\/\"},\"wordCount\":387,\"image\":{\"@id\":\"https:\/\/educacion.udd.cl\/cima\/2024\/08\/08\/investigador-de-cima-participa-en-37-reunion-latinoamerica-de-matematica-educativa-en-costa-rica\/#primaryimage\"},\"thumbnailUrl\":\"https:\/\/educacion.udd.cl\/cima\/files\/2024\/08\/relme-37-1.jpg\",\"articleSection\":[\"noticias\"],\"inLanguage\":\"es\"},{\"@type\":\"WebPage\",\"@id\":\"https:\/\/educacion.udd.cl\/cima\/2024\/08\/08\/investigador-de-cima-participa-en-37-reunion-latinoamerica-de-matematica-educativa-en-costa-rica\/\",\"url\":\"https:\/\/educacion.udd.cl\/cima\/2024\/08\/08\/investigador-de-cima-participa-en-37-reunion-latinoamerica-de-matematica-educativa-en-costa-rica\/\",\"name\":\"Investigador de CIMA participa en 37\u00b0 Reuni\u00f3n Latinoam\u00e9rica de Matem\u00e1tica Educativa en Costa Rica - CIMA\",\"isPartOf\":{\"@id\":\"https:\/\/educacion.udd.cl\/cima\/#website\"},\"primaryImageOfPage\":{\"@id\":\"https:\/\/educacion.udd.cl\/cima\/2024\/08\/08\/investigador-de-cima-participa-en-37-reunion-latinoamerica-de-matematica-educativa-en-costa-rica\/#primaryimage\"},\"image\":{\"@id\":\"https:\/\/educacion.udd.cl\/cima\/2024\/08\/08\/investigador-de-cima-participa-en-37-reunion-latinoamerica-de-matematica-educativa-en-costa-rica\/#primaryimage\"},\"thumbnailUrl\":\"https:\/\/educacion.udd.cl\/cima\/files\/2024\/08\/relme-37-1.jpg\",\"datePublished\":\"2024-08-08T16:54:19+00:00\",\"dateModified\":\"2024-08-13T16:55:27+00:00\",\"author\":{\"@id\":\"https:\/\/educacion.udd.cl\/cima\/#\/schema\/person\/3aefcae87945fe9ede94cc7f7cb5c1a7\"},\"breadcrumb\":{\"@id\":\"https:\/\/educacion.udd.cl\/cima\/2024\/08\/08\/investigador-de-cima-participa-en-37-reunion-latinoamerica-de-matematica-educativa-en-costa-rica\/#breadcrumb\"},\"inLanguage\":\"es\",\"potentialAction\":[{\"@type\":\"ReadAction\",\"target\":[\"https:\/\/educacion.udd.cl\/cima\/2024\/08\/08\/investigador-de-cima-participa-en-37-reunion-latinoamerica-de-matematica-educativa-en-costa-rica\/\"]}]},{\"@type\":\"ImageObject\",\"inLanguage\":\"es\",\"@id\":\"https:\/\/educacion.udd.cl\/cima\/2024\/08\/08\/investigador-de-cima-participa-en-37-reunion-latinoamerica-de-matematica-educativa-en-costa-rica\/#primaryimage\",\"url\":\"https:\/\/educacion.udd.cl\/cima\/files\/2024\/08\/relme-37-1.jpg\",\"contentUrl\":\"https:\/\/educacion.udd.cl\/cima\/files\/2024\/08\/relme-37-1.jpg\",\"width\":1600,\"height\":900},{\"@type\":\"BreadcrumbList\",\"@id\":\"https:\/\/educacion.udd.cl\/cima\/2024\/08\/08\/investigador-de-cima-participa-en-37-reunion-latinoamerica-de-matematica-educativa-en-costa-rica\/#breadcrumb\",\"itemListElement\":[{\"@type\":\"ListItem\",\"position\":1,\"name\":\"Portada\",\"item\":\"https:\/\/educacion.udd.cl\/cima\/\"},{\"@type\":\"ListItem\",\"position\":2,\"name\":\"Investigador de CIMA participa en 37\u00b0 Reuni\u00f3n Latinoam\u00e9rica de Matem\u00e1tica Educativa en Costa Rica\"}]},{\"@type\":\"WebSite\",\"@id\":\"https:\/\/educacion.udd.cl\/cima\/#website\",\"url\":\"https:\/\/educacion.udd.cl\/cima\/\",\"name\":\"CIMA\",\"description\":\"\",\"inLanguage\":\"es\"},{\"@type\":\"Person\",\"@id\":\"https:\/\/educacion.udd.cl\/cima\/#\/schema\/person\/3aefcae87945fe9ede94cc7f7cb5c1a7\",\"name\":\"claudiagodia\",\"image\":{\"@type\":\"ImageObject\",\"inLanguage\":\"es\",\"@id\":\"https:\/\/educacion.udd.cl\/cima\/#\/schema\/person\/image\/\",\"url\":\"https:\/\/secure.gravatar.com\/avatar\/c7c585f20c9cd5b1fc8956abfd060f1af449288eb4e630466a5a53a84641a9ca?s=96&d=mm&r=g\",\"contentUrl\":\"https:\/\/secure.gravatar.com\/avatar\/c7c585f20c9cd5b1fc8956abfd060f1af449288eb4e630466a5a53a84641a9ca?s=96&d=mm&r=g\",\"caption\":\"claudiagodia\"},\"url\":\"https:\/\/educacion.udd.cl\/cima\/author\/claudiagodia\/\"}]}<\/script>\n<!-- \/ Yoast SEO plugin. -->","yoast_head_json":{"title":"Investigador de CIMA participa en 37\u00b0 Reuni\u00f3n Latinoam\u00e9rica de Matem\u00e1tica Educativa en Costa Rica - CIMA","robots":{"index":"index","follow":"follow","max-snippet":"max-snippet:-1","max-image-preview":"max-image-preview:large","max-video-preview":"max-video-preview:-1"},"canonical":"https:\/\/educacion.udd.cl\/cima\/2024\/08\/08\/investigador-de-cima-participa-en-37-reunion-latinoamerica-de-matematica-educativa-en-costa-rica\/","og_locale":"es_ES","og_type":"article","og_title":"Investigador de CIMA participa en 37\u00b0 Reuni\u00f3n Latinoam\u00e9rica de Matem\u00e1tica Educativa en Costa Rica - CIMA","og_description":"Durante su estad\u00eda en este pa\u00eds, el acad\u00e9mico Pedro Vidal-Szab\u00f3 tuvo la oportunidad de reunirse con investigadores de la Universidad de Costa Rica, dirigir un curso y representar a Educaci\u00f3n UDD en el encuentro internacional de matem\u00e1tica, RELME-37. El pasado mes de julio, el investigador principal del Centro de Investigaci\u00f3n para la Mejora de los [&hellip;]","og_url":"https:\/\/educacion.udd.cl\/cima\/2024\/08\/08\/investigador-de-cima-participa-en-37-reunion-latinoamerica-de-matematica-educativa-en-costa-rica\/","og_site_name":"CIMA","article_published_time":"2024-08-08T16:54:19+00:00","article_modified_time":"2024-08-13T16:55:27+00:00","og_image":[{"width":1600,"height":900,"url":"http:\/\/educacion.udd.cl\/cima\/files\/2024\/08\/relme-37-1.jpg","type":"image\/jpeg"}],"author":"claudiagodia","twitter_card":"summary_large_image","twitter_misc":{"Escrito por":"claudiagodia","Tiempo de lectura":"3 minutos"},"schema":{"@context":"https:\/\/schema.org","@graph":[{"@type":"Article","@id":"https:\/\/educacion.udd.cl\/cima\/2024\/08\/08\/investigador-de-cima-participa-en-37-reunion-latinoamerica-de-matematica-educativa-en-costa-rica\/#article","isPartOf":{"@id":"https:\/\/educacion.udd.cl\/cima\/2024\/08\/08\/investigador-de-cima-participa-en-37-reunion-latinoamerica-de-matematica-educativa-en-costa-rica\/"},"author":{"name":"claudiagodia","@id":"https:\/\/educacion.udd.cl\/cima\/#\/schema\/person\/3aefcae87945fe9ede94cc7f7cb5c1a7"},"headline":"Investigador de CIMA participa en 37\u00b0 Reuni\u00f3n Latinoam\u00e9rica de Matem\u00e1tica Educativa en Costa Rica","datePublished":"2024-08-08T16:54:19+00:00","dateModified":"2024-08-13T16:55:27+00:00","mainEntityOfPage":{"@id":"https:\/\/educacion.udd.cl\/cima\/2024\/08\/08\/investigador-de-cima-participa-en-37-reunion-latinoamerica-de-matematica-educativa-en-costa-rica\/"},"wordCount":387,"image":{"@id":"https:\/\/educacion.udd.cl\/cima\/2024\/08\/08\/investigador-de-cima-participa-en-37-reunion-latinoamerica-de-matematica-educativa-en-costa-rica\/#primaryimage"},"thumbnailUrl":"https:\/\/educacion.udd.cl\/cima\/files\/2024\/08\/relme-37-1.jpg","articleSection":["noticias"],"inLanguage":"es"},{"@type":"WebPage","@id":"https:\/\/educacion.udd.cl\/cima\/2024\/08\/08\/investigador-de-cima-participa-en-37-reunion-latinoamerica-de-matematica-educativa-en-costa-rica\/","url":"https:\/\/educacion.udd.cl\/cima\/2024\/08\/08\/investigador-de-cima-participa-en-37-reunion-latinoamerica-de-matematica-educativa-en-costa-rica\/","name":"Investigador de CIMA participa en 37\u00b0 Reuni\u00f3n Latinoam\u00e9rica de Matem\u00e1tica Educativa en Costa Rica - CIMA","isPartOf":{"@id":"https:\/\/educacion.udd.cl\/cima\/#website"},"primaryImageOfPage":{"@id":"https:\/\/educacion.udd.cl\/cima\/2024\/08\/08\/investigador-de-cima-participa-en-37-reunion-latinoamerica-de-matematica-educativa-en-costa-rica\/#primaryimage"},"image":{"@id":"https:\/\/educacion.udd.cl\/cima\/2024\/08\/08\/investigador-de-cima-participa-en-37-reunion-latinoamerica-de-matematica-educativa-en-costa-rica\/#primaryimage"},"thumbnailUrl":"https:\/\/educacion.udd.cl\/cima\/files\/2024\/08\/relme-37-1.jpg","datePublished":"2024-08-08T16:54:19+00:00","dateModified":"2024-08-13T16:55:27+00:00","author":{"@id":"https:\/\/educacion.udd.cl\/cima\/#\/schema\/person\/3aefcae87945fe9ede94cc7f7cb5c1a7"},"breadcrumb":{"@id":"https:\/\/educacion.udd.cl\/cima\/2024\/08\/08\/investigador-de-cima-participa-en-37-reunion-latinoamerica-de-matematica-educativa-en-costa-rica\/#breadcrumb"},"inLanguage":"es","potentialAction":[{"@type":"ReadAction","target":["https:\/\/educacion.udd.cl\/cima\/2024\/08\/08\/investigador-de-cima-participa-en-37-reunion-latinoamerica-de-matematica-educativa-en-costa-rica\/"]}]},{"@type":"ImageObject","inLanguage":"es","@id":"https:\/\/educacion.udd.cl\/cima\/2024\/08\/08\/investigador-de-cima-participa-en-37-reunion-latinoamerica-de-matematica-educativa-en-costa-rica\/#primaryimage","url":"https:\/\/educacion.udd.cl\/cima\/files\/2024\/08\/relme-37-1.jpg","contentUrl":"https:\/\/educacion.udd.cl\/cima\/files\/2024\/08\/relme-37-1.jpg","width":1600,"height":900},{"@type":"BreadcrumbList","@id":"https:\/\/educacion.udd.cl\/cima\/2024\/08\/08\/investigador-de-cima-participa-en-37-reunion-latinoamerica-de-matematica-educativa-en-costa-rica\/#breadcrumb","itemListElement":[{"@type":"ListItem","position":1,"name":"Portada","item":"https:\/\/educacion.udd.cl\/cima\/"},{"@type":"ListItem","position":2,"name":"Investigador de CIMA participa en 37\u00b0 Reuni\u00f3n Latinoam\u00e9rica de Matem\u00e1tica Educativa en Costa Rica"}]},{"@type":"WebSite","@id":"https:\/\/educacion.udd.cl\/cima\/#website","url":"https:\/\/educacion.udd.cl\/cima\/","name":"CIMA","description":"","inLanguage":"es"},{"@type":"Person","@id":"https:\/\/educacion.udd.cl\/cima\/#\/schema\/person\/3aefcae87945fe9ede94cc7f7cb5c1a7","name":"claudiagodia","image":{"@type":"ImageObject","inLanguage":"es","@id":"https:\/\/educacion.udd.cl\/cima\/#\/schema\/person\/image\/","url":"https:\/\/secure.gravatar.com\/avatar\/c7c585f20c9cd5b1fc8956abfd060f1af449288eb4e630466a5a53a84641a9ca?s=96&d=mm&r=g","contentUrl":"https:\/\/secure.gravatar.com\/avatar\/c7c585f20c9cd5b1fc8956abfd060f1af449288eb4e630466a5a53a84641a9ca?s=96&d=mm&r=g","caption":"claudiagodia"},"url":"https:\/\/educacion.udd.cl\/cima\/author\/claudiagodia\/"}]}},"featured_image_url":"https:\/\/educacion.udd.cl\/cima\/files\/2024\/08\/relme-37-1.jpg","_links":{"self":[{"href":"https:\/\/educacion.udd.cl\/cima\/wp-json\/wp\/v2\/posts\/594","targetHints":{"allow":["GET"]}}],"collection":[{"href":"https:\/\/educacion.udd.cl\/cima\/wp-json\/wp\/v2\/posts"}],"about":[{"href":"https:\/\/educacion.udd.cl\/cima\/wp-json\/wp\/v2\/types\/post"}],"author":[{"embeddable":true,"href":"https:\/\/educacion.udd.cl\/cima\/wp-json\/wp\/v2\/users\/39"}],"replies":[{"embeddable":true,"href":"https:\/\/educacion.udd.cl\/cima\/wp-json\/wp\/v2\/comments?post=594"}],"version-history":[{"count":1,"href":"https:\/\/educacion.udd.cl\/cima\/wp-json\/wp\/v2\/posts\/594\/revisions"}],"predecessor-version":[{"id":599,"href":"https:\/\/educacion.udd.cl\/cima\/wp-json\/wp\/v2\/posts\/594\/revisions\/599"}],"wp:featuredmedia":[{"embeddable":true,"href":"https:\/\/educacion.udd.cl\/cima\/wp-json\/wp\/v2\/media\/598"}],"wp:attachment":[{"href":"https:\/\/educacion.udd.cl\/cima\/wp-json\/wp\/v2\/media?parent=594"}],"wp:term":[{"taxonomy":"category","embeddable":true,"href":"https:\/\/educacion.udd.cl\/cima\/wp-json\/wp\/v2\/categories?post=594"},{"taxonomy":"post_tag","embeddable":true,"href":"https:\/\/educacion.udd.cl\/cima\/wp-json\/wp\/v2\/tags?post=594"}],"curies":[{"name":"wp","href":"https:\/\/api.w.org\/{rel}","templated":true}]}}