{"id":574,"date":"2024-07-12T12:25:54","date_gmt":"2024-07-12T16:25:54","guid":{"rendered":"https:\/\/educacion.udd.cl\/cima\/?p=574"},"modified":"2024-07-12T12:25:55","modified_gmt":"2024-07-12T16:25:55","slug":"directora-academica-de-cima-presenta-en-la-conferencia-anual-de-la-society-for-the-scientific-study-of-reading","status":"publish","type":"post","link":"https:\/\/educacion.udd.cl\/cima\/2024\/07\/12\/directora-academica-de-cima-presenta-en-la-conferencia-anual-de-la-society-for-the-scientific-study-of-reading\/","title":{"rendered":"Directora Acad\u00e9mica de CIMA presenta en la conferencia anual de la Society for the Scientific Study of Reading"},"content":{"rendered":"\n<p><em>Sumado a esta presentaci\u00f3n, el investigador Pedro Vidal-Szab\u00f3 expuso en la conferencia magistral de la Escuela Normal Rural General Mat\u00edas Ramos Santos de M\u00e9xico, mientras que Christian Lazcano present\u00f3 en AERA 2024.<\/em><\/p>\n\n\n\n<p>Con el objetivo de influir en la pol\u00edtica p\u00fablica y acercar la academia al aula, miembros del equipo de investigadores y acad\u00e9micos de Centro de Investigaci\u00f3n para la mejora de los aprendizajes (CIMA), de la Facultad de Educaci\u00f3n UDD, participaron en diversas conferencias internacionales de investigaci\u00f3n.<\/p>\n\n\n\n<p>Por su parte, la directora acad\u00e9mica del CIMA, Montserrat Cubillos, present\u00f3 una ponencia en la conferencia anual de laSociety for the Scientific Study of Reading, la cual dirige el journal <em>Scientific Study of Reading<\/em>, una de las publicaciones m\u00e1s prestigiosas del mundo sobre lectura. Esta versi\u00f3n 2024 se realiz\u00f3 en la ciudad de Copenhagen, Dinamarca.<\/p>\n\n\n\n<p>La ponencia se enfoc\u00f3 en la validaci\u00f3n de un instrumento para medir <em>reading engagement<\/em> en adolescentes de octavo y primero medio, el cual fue desarrollado en colaboraci\u00f3n con los investigadores M\u00f3nica Zegers, del Dyslexia Center de UC San Francisco, y Himilcon Inciarte, quien realiza actualmente su PhD en UC Berkeley.<\/p>\n\n\n\n<p><strong>\u201cEl instrumento fue creado especialmente para estudiantes chilenos, con feedback de otros investigadores y profesores\u201d, explica la investigadora, y profundiza en su relevancia porque \u201ces un instrumento validado muy breve, con solo 3 items, con altos niveles de confiabilidad, lo que significa que entrega a los profesores de adolescentes, una herramienta para que puedan ir midiendo el pulso de involucramiento en lectura en sus cursos, que adem\u00e1s pueden hacer varias veces al a\u00f1o, gracias a lo breve que es\u201d.<\/strong><\/p>\n\n\n<section class=\"wp-block-udd-gallery-carousel wp-carousel-gallery\">\n\t<div class=\"container\">\n\t\t<div\n\t\t\tclass=\"slick-carousel gallery-slick-carousel gallery-carousel--1\"\n\t\t\tdata-slick='{&quot;slidesToScroll&quot;:1,&quot;slidesToShow&quot;:1,&quot;appendDots&quot;:&quot;#dots-69f40e41c6f68&quot;,&quot;prevArrow&quot;:&quot;&lt;button type=\\&quot;button\\&quot; class=\\&quot;btn btn-primary slick-prev\\&quot;&gt;&lt;svg class=\\&quot;svg-chevron-left-dims\\&quot;&gt;&lt;use xlink:href=&#039;https:\\\/\\\/educacion.udd.cl\\\/cima\\\/wp-content\\\/themes\\\/facultades-2018\\\/assets\\\/img\\\/svg\\\/dist\\\/main.svg?version=1695853099#chevron-left&#039;&gt;&lt;\\\/use&gt;&lt;\\\/svg&gt;&lt;span class=\\&quot;sr-only\\&quot;&gt;Anterior&lt;\\\/span&gt;&lt;\\\/button&gt;&quot;,&quot;nextArrow&quot;:&quot;&lt;button type=\\&quot;button\\&quot; class=\\&quot;btn btn-primary slick-next\\&quot;&gt;&lt;svg class=\\&quot;svg-chevron-right-dims\\&quot;&gt;&lt;use xlink:href=&#039;https:\\\/\\\/educacion.udd.cl\\\/cima\\\/wp-content\\\/themes\\\/facultades-2018\\\/assets\\\/img\\\/svg\\\/dist\\\/main.svg?version=1695853099#chevron-right&#039;&gt;&lt;\\\/use&gt;&lt;\\\/svg&gt;&lt;span class=\\&quot;sr-only\\&quot;&gt;Siguiente&lt;\\\/span&gt;&lt;\\\/button&gt;&quot;,&quot;infinite&quot;:true,&quot;dots&quot;:true}'\n\t\t>\n\t\t\t\t\t\t\t<figure>\n\t\t\t\t\t<img loading=\"lazy\" decoding=\"async\" width=\"1280\" height=\"720\" src=\"https:\/\/educacion.udd.cl\/cima\/wp-content\/plugins\/wp-async-img-load\/blank.png\" class=\"attachment-1280x720 size-1280x720 lazyload\" alt=\"\" sizes=\"auto, (max-width: 1280px) 100vw, 1280px\" data-src=\"https:\/\/educacion.udd.cl\/cima\/files\/2024\/07\/whatsapp-image-2024-07-11-at-10-20-57-1366x768.jpeg\" data-srcset=\"https:\/\/educacion.udd.cl\/cima\/files\/2024\/07\/whatsapp-image-2024-07-11-at-10-20-57-1366x768.jpeg 1366w, https:\/\/educacion.udd.cl\/cima\/files\/2024\/07\/whatsapp-image-2024-07-11-at-10-20-57-1920x1080.jpeg 1920w, https:\/\/educacion.udd.cl\/cima\/files\/2024\/07\/whatsapp-image-2024-07-11-at-10-20-57-680x382.jpeg 680w\" \/>\t\t\t\t\t\t\t\t\t<\/figure>\n\t\t\t\t\t\t\t<figure>\n\t\t\t\t\t<img loading=\"lazy\" decoding=\"async\" width=\"1280\" height=\"720\" src=\"https:\/\/educacion.udd.cl\/cima\/wp-content\/plugins\/wp-async-img-load\/blank.png\" class=\"attachment-1280x720 size-1280x720 lazyload\" alt=\"\" sizes=\"auto, (max-width: 1280px) 100vw, 1280px\" data-src=\"https:\/\/educacion.udd.cl\/cima\/files\/2024\/07\/whatsapp-image-2024-07-12-at-07-18-07-3-1366x768.jpeg\" data-srcset=\"https:\/\/educacion.udd.cl\/cima\/files\/2024\/07\/whatsapp-image-2024-07-12-at-07-18-07-3-1366x768.jpeg 1366w, https:\/\/educacion.udd.cl\/cima\/files\/2024\/07\/whatsapp-image-2024-07-12-at-07-18-07-3-680x382.jpeg 680w\" \/>\t\t\t\t\t\t\t\t\t<\/figure>\n\t\t\t\t\t\t\t<figure>\n\t\t\t\t\t<img loading=\"lazy\" decoding=\"async\" width=\"540\" height=\"720\" src=\"https:\/\/educacion.udd.cl\/cima\/wp-content\/plugins\/wp-async-img-load\/blank.png\" class=\"attachment-1280x720 size-1280x720 lazyload\" alt=\"\" sizes=\"auto, (max-width: 540px) 100vw, 540px\" data-src=\"https:\/\/educacion.udd.cl\/cima\/files\/2024\/07\/whatsapp-image-2024-07-12-at-07-18-07-2.jpeg\" data-srcset=\"https:\/\/educacion.udd.cl\/cima\/files\/2024\/07\/whatsapp-image-2024-07-12-at-07-18-07-2.jpeg 1201w, https:\/\/educacion.udd.cl\/cima\/files\/2024\/07\/whatsapp-image-2024-07-12-at-07-18-07-2-225x300.jpeg 225w, https:\/\/educacion.udd.cl\/cima\/files\/2024\/07\/whatsapp-image-2024-07-12-at-07-18-07-2-769x1024.jpeg 769w, https:\/\/educacion.udd.cl\/cima\/files\/2024\/07\/whatsapp-image-2024-07-12-at-07-18-07-2-768x1023.jpeg 768w, https:\/\/educacion.udd.cl\/cima\/files\/2024\/07\/whatsapp-image-2024-07-12-at-07-18-07-2-1153x1536.jpeg 1153w\" \/>\t\t\t\t\t\t\t\t\t<\/figure>\n\t\t\t\t\t\t\t<figure>\n\t\t\t\t\t<img loading=\"lazy\" decoding=\"async\" width=\"580\" height=\"720\" src=\"https:\/\/educacion.udd.cl\/cima\/wp-content\/plugins\/wp-async-img-load\/blank.png\" class=\"attachment-1280x720 size-1280x720 lazyload\" alt=\"\" sizes=\"auto, (max-width: 580px) 100vw, 580px\" data-src=\"https:\/\/educacion.udd.cl\/cima\/files\/2024\/07\/whatsapp-image-2024-04-22-at-09-46-03-1.jpeg\" data-srcset=\"https:\/\/educacion.udd.cl\/cima\/files\/2024\/07\/whatsapp-image-2024-04-22-at-09-46-03-1.jpeg 1288w, https:\/\/educacion.udd.cl\/cima\/files\/2024\/07\/whatsapp-image-2024-04-22-at-09-46-03-1-242x300.jpeg 242w, https:\/\/educacion.udd.cl\/cima\/files\/2024\/07\/whatsapp-image-2024-04-22-at-09-46-03-1-824x1024.jpeg 824w, https:\/\/educacion.udd.cl\/cima\/files\/2024\/07\/whatsapp-image-2024-04-22-at-09-46-03-1-768x954.jpeg 768w, https:\/\/educacion.udd.cl\/cima\/files\/2024\/07\/whatsapp-image-2024-04-22-at-09-46-03-1-1236x1536.jpeg 1236w\" \/>\t\t\t\t\t\t\t\t\t<\/figure>\n\t\t\t\t\t\t\t<figure>\n\t\t\t\t\t<img loading=\"lazy\" decoding=\"async\" width=\"1194\" height=\"720\" src=\"https:\/\/educacion.udd.cl\/cima\/wp-content\/plugins\/wp-async-img-load\/blank.png\" class=\"attachment-1280x720 size-1280x720 lazyload\" alt=\"\" sizes=\"auto, (max-width: 1194px) 100vw, 1194px\" data-src=\"https:\/\/educacion.udd.cl\/cima\/files\/2024\/07\/whatsapp-image-2024-04-22-at-09-46-02.jpeg\" data-srcset=\"https:\/\/educacion.udd.cl\/cima\/files\/2024\/07\/whatsapp-image-2024-04-22-at-09-46-02.jpeg 1226w, https:\/\/educacion.udd.cl\/cima\/files\/2024\/07\/whatsapp-image-2024-04-22-at-09-46-02-300x181.jpeg 300w, https:\/\/educacion.udd.cl\/cima\/files\/2024\/07\/whatsapp-image-2024-04-22-at-09-46-02-1024x617.jpeg 1024w, https:\/\/educacion.udd.cl\/cima\/files\/2024\/07\/whatsapp-image-2024-04-22-at-09-46-02-768x463.jpeg 768w\" \/>\t\t\t\t\t\t\t\t\t<\/figure>\n\t\t\t\t\t<\/div>\n\t\t<div\n\t\t\tclass=\"carousel-gallery--carousel-dots\"\n\t\t\tid=\"dots-69f40e41c6f68\"\n\t\t><\/div>\n\t<\/div>\n<\/section>\n\n\n\n<p>De igual manera, el investigador principal de CIMA y coordinador del \u00e1rea de Matem\u00e1tica de la Facultad de Educaci\u00f3n UDD, Pedro Vidal-Szab\u00f3, dirigi\u00f3 la Conferencia Magistral titulada \u00abExperiencias Formativas en Estad\u00edstica Educativa: acci\u00f3n e investigaci\u00f3n en desarrollo creciente\u00bb, dictada para la Maestr\u00eda en Docencia para la Educaci\u00f3n B\u00e1sica de la Escuela Normal Rural General Mat\u00edas Ramos Santos en M\u00e9xico.<\/p>\n\n\n\n<p><strong>\u201cLa formaci\u00f3n docente en el contexto de la educaci\u00f3n estad\u00edstica ha demandado mayor atenci\u00f3n por parte de distintas entidades e investigadores para potenciar la alfabetizaci\u00f3n estad\u00edstica en los primeros a\u00f1os de escolaridad\u201d, explic\u00f3 el acad\u00e9mico, considerando que la inclusi\u00f3n de la estad\u00edstica es relativamente reciente en educaci\u00f3n b\u00e1sica. \u00abA trav\u00e9s de esta conferencia se busc\u00f3 ofrecer distintas perspectivas de actualizaci\u00f3n al profesorado y se discutieron algunas propuestas de ense\u00f1anza efectiva para fomentar el trabajo estad\u00edstico de ni\u00f1as y ni\u00f1os\u201d,\u00a0concluy\u00f3.\u00a0 \u00a0\u00a0<\/strong><\/p>\n\n\n\n<p>Por \u00faltimo, el investigador y director del Mag\u00edster en Liderazgo y Gesti\u00f3n Educativa UDD, Christian Lazcano particip\u00f3 en el congreso American Educational Research Association (AERA), en el que el expuso sobre la investigaci\u00f3n en curso \u201cInstructional Leadership in a Global Perspective: Lessons from Latin America and Asia\u201d, proyecto que busca comprender c\u00f3mo las pr\u00e1cticas de liderazgo instruccional var\u00edan en diversos contextos y sistemas educativos. Esta ponencia fue realizada en colaboraci\u00f3n con los acad\u00e9micos Xiu Cravens del Peabody College de la Universidad de Vanderbilt, y Paulo Volante de la Pontificia Universidad Cat\u00f3lica de Chile.<\/p>\n\n\n\n<p><strong>\u201cAERA permite conocer y conectar con la investigaci\u00f3n m\u00e1s reciente en el campo de la investigaci\u00f3n en educaci\u00f3n\u201d, explic\u00f3 Christian Lazcano, agregando que \u201ces una excelente instancia para formar redes con distintos investigadores en el \u00e1rea de liderazgo escolar, adem\u00e1s de pensar proyectos futuros\u201d.\u00a0<\/strong><\/p>\n","protected":false},"excerpt":{"rendered":"<p>Sumado a esta presentaci\u00f3n, el investigador Pedro Vidal-Szab\u00f3 expuso en la conferencia magistral de la Escuela Normal Rural General Mat\u00edas Ramos Santos de M\u00e9xico, mientras que Christian Lazcano present\u00f3 en AERA 2024. Con el objetivo de influir en la pol\u00edtica p\u00fablica y acercar la academia al aula, miembros del equipo de investigadores y acad\u00e9micos de [&hellip;]<\/p>\n","protected":false},"author":39,"featured_media":586,"comment_status":"closed","ping_status":"open","sticky":false,"template":"","format":"standard","meta":{"footnotes":""},"categories":[9],"tags":[],"class_list":["post-574","post","type-post","status-publish","format-standard","has-post-thumbnail","hentry","category-noticias"],"yoast_head":"<!-- This site is optimized with the Yoast SEO plugin v26.9 - https:\/\/yoast.com\/product\/yoast-seo-wordpress\/ -->\n<title>Directora Acad\u00e9mica de CIMA presenta en la conferencia anual de la Society for the Scientific Study of Reading - CIMA<\/title>\n<meta name=\"robots\" content=\"index, follow, max-snippet:-1, max-image-preview:large, max-video-preview:-1\" \/>\n<link rel=\"canonical\" href=\"https:\/\/educacion.udd.cl\/cima\/2024\/07\/12\/directora-academica-de-cima-presenta-en-la-conferencia-anual-de-la-society-for-the-scientific-study-of-reading\/\" \/>\n<meta property=\"og:locale\" content=\"es_ES\" \/>\n<meta property=\"og:type\" content=\"article\" \/>\n<meta property=\"og:title\" content=\"Directora Acad\u00e9mica de CIMA presenta en la conferencia anual de la Society for the Scientific Study of Reading - CIMA\" \/>\n<meta property=\"og:description\" content=\"Sumado a esta presentaci\u00f3n, el investigador Pedro Vidal-Szab\u00f3 expuso en la conferencia magistral de la Escuela Normal Rural General Mat\u00edas Ramos Santos de M\u00e9xico, mientras que Christian Lazcano present\u00f3 en AERA 2024. Con el objetivo de influir en la pol\u00edtica p\u00fablica y acercar la academia al aula, miembros del equipo de investigadores y acad\u00e9micos de [&hellip;]\" \/>\n<meta property=\"og:url\" content=\"https:\/\/educacion.udd.cl\/cima\/2024\/07\/12\/directora-academica-de-cima-presenta-en-la-conferencia-anual-de-la-society-for-the-scientific-study-of-reading\/\" \/>\n<meta property=\"og:site_name\" content=\"CIMA\" \/>\n<meta property=\"article:published_time\" content=\"2024-07-12T16:25:54+00:00\" \/>\n<meta property=\"article:modified_time\" content=\"2024-07-12T16:25:55+00:00\" \/>\n<meta property=\"og:image\" content=\"http:\/\/educacion.udd.cl\/cima\/files\/2024\/07\/whatsapp-image-2024-07-11-at-10-20-57.jpeg\" \/>\n\t<meta property=\"og:image:width\" content=\"2048\" \/>\n\t<meta property=\"og:image:height\" content=\"1536\" \/>\n\t<meta property=\"og:image:type\" content=\"image\/jpeg\" \/>\n<meta name=\"author\" content=\"claudiagodia\" \/>\n<meta name=\"twitter:card\" content=\"summary_large_image\" \/>\n<meta name=\"twitter:label1\" content=\"Escrito por\" \/>\n\t<meta name=\"twitter:data1\" content=\"claudiagodia\" \/>\n\t<meta name=\"twitter:label2\" content=\"Tiempo de lectura\" \/>\n\t<meta name=\"twitter:data2\" content=\"4 minutos\" \/>\n<script type=\"application\/ld+json\" class=\"yoast-schema-graph\">{\"@context\":\"https:\/\/schema.org\",\"@graph\":[{\"@type\":\"Article\",\"@id\":\"https:\/\/educacion.udd.cl\/cima\/2024\/07\/12\/directora-academica-de-cima-presenta-en-la-conferencia-anual-de-la-society-for-the-scientific-study-of-reading\/#article\",\"isPartOf\":{\"@id\":\"https:\/\/educacion.udd.cl\/cima\/2024\/07\/12\/directora-academica-de-cima-presenta-en-la-conferencia-anual-de-la-society-for-the-scientific-study-of-reading\/\"},\"author\":{\"name\":\"claudiagodia\",\"@id\":\"https:\/\/educacion.udd.cl\/cima\/#\/schema\/person\/3aefcae87945fe9ede94cc7f7cb5c1a7\"},\"headline\":\"Directora Acad\u00e9mica de CIMA presenta en la conferencia anual de la Society for the Scientific Study of Reading\",\"datePublished\":\"2024-07-12T16:25:54+00:00\",\"dateModified\":\"2024-07-12T16:25:55+00:00\",\"mainEntityOfPage\":{\"@id\":\"https:\/\/educacion.udd.cl\/cima\/2024\/07\/12\/directora-academica-de-cima-presenta-en-la-conferencia-anual-de-la-society-for-the-scientific-study-of-reading\/\"},\"wordCount\":613,\"image\":{\"@id\":\"https:\/\/educacion.udd.cl\/cima\/2024\/07\/12\/directora-academica-de-cima-presenta-en-la-conferencia-anual-de-la-society-for-the-scientific-study-of-reading\/#primaryimage\"},\"thumbnailUrl\":\"https:\/\/educacion.udd.cl\/cima\/files\/2024\/07\/whatsapp-image-2024-07-11-at-10-20-57.jpeg\",\"articleSection\":[\"noticias\"],\"inLanguage\":\"es\"},{\"@type\":\"WebPage\",\"@id\":\"https:\/\/educacion.udd.cl\/cima\/2024\/07\/12\/directora-academica-de-cima-presenta-en-la-conferencia-anual-de-la-society-for-the-scientific-study-of-reading\/\",\"url\":\"https:\/\/educacion.udd.cl\/cima\/2024\/07\/12\/directora-academica-de-cima-presenta-en-la-conferencia-anual-de-la-society-for-the-scientific-study-of-reading\/\",\"name\":\"Directora Acad\u00e9mica de CIMA presenta en la conferencia anual de la Society for the Scientific Study of Reading - CIMA\",\"isPartOf\":{\"@id\":\"https:\/\/educacion.udd.cl\/cima\/#website\"},\"primaryImageOfPage\":{\"@id\":\"https:\/\/educacion.udd.cl\/cima\/2024\/07\/12\/directora-academica-de-cima-presenta-en-la-conferencia-anual-de-la-society-for-the-scientific-study-of-reading\/#primaryimage\"},\"image\":{\"@id\":\"https:\/\/educacion.udd.cl\/cima\/2024\/07\/12\/directora-academica-de-cima-presenta-en-la-conferencia-anual-de-la-society-for-the-scientific-study-of-reading\/#primaryimage\"},\"thumbnailUrl\":\"https:\/\/educacion.udd.cl\/cima\/files\/2024\/07\/whatsapp-image-2024-07-11-at-10-20-57.jpeg\",\"datePublished\":\"2024-07-12T16:25:54+00:00\",\"dateModified\":\"2024-07-12T16:25:55+00:00\",\"author\":{\"@id\":\"https:\/\/educacion.udd.cl\/cima\/#\/schema\/person\/3aefcae87945fe9ede94cc7f7cb5c1a7\"},\"breadcrumb\":{\"@id\":\"https:\/\/educacion.udd.cl\/cima\/2024\/07\/12\/directora-academica-de-cima-presenta-en-la-conferencia-anual-de-la-society-for-the-scientific-study-of-reading\/#breadcrumb\"},\"inLanguage\":\"es\",\"potentialAction\":[{\"@type\":\"ReadAction\",\"target\":[\"https:\/\/educacion.udd.cl\/cima\/2024\/07\/12\/directora-academica-de-cima-presenta-en-la-conferencia-anual-de-la-society-for-the-scientific-study-of-reading\/\"]}]},{\"@type\":\"ImageObject\",\"inLanguage\":\"es\",\"@id\":\"https:\/\/educacion.udd.cl\/cima\/2024\/07\/12\/directora-academica-de-cima-presenta-en-la-conferencia-anual-de-la-society-for-the-scientific-study-of-reading\/#primaryimage\",\"url\":\"https:\/\/educacion.udd.cl\/cima\/files\/2024\/07\/whatsapp-image-2024-07-11-at-10-20-57.jpeg\",\"contentUrl\":\"https:\/\/educacion.udd.cl\/cima\/files\/2024\/07\/whatsapp-image-2024-07-11-at-10-20-57.jpeg\",\"width\":2048,\"height\":1536},{\"@type\":\"BreadcrumbList\",\"@id\":\"https:\/\/educacion.udd.cl\/cima\/2024\/07\/12\/directora-academica-de-cima-presenta-en-la-conferencia-anual-de-la-society-for-the-scientific-study-of-reading\/#breadcrumb\",\"itemListElement\":[{\"@type\":\"ListItem\",\"position\":1,\"name\":\"Portada\",\"item\":\"https:\/\/educacion.udd.cl\/cima\/\"},{\"@type\":\"ListItem\",\"position\":2,\"name\":\"Directora Acad\u00e9mica de CIMA presenta en la conferencia anual de la Society for the Scientific Study of Reading\"}]},{\"@type\":\"WebSite\",\"@id\":\"https:\/\/educacion.udd.cl\/cima\/#website\",\"url\":\"https:\/\/educacion.udd.cl\/cima\/\",\"name\":\"CIMA\",\"description\":\"\",\"inLanguage\":\"es\"},{\"@type\":\"Person\",\"@id\":\"https:\/\/educacion.udd.cl\/cima\/#\/schema\/person\/3aefcae87945fe9ede94cc7f7cb5c1a7\",\"name\":\"claudiagodia\",\"image\":{\"@type\":\"ImageObject\",\"inLanguage\":\"es\",\"@id\":\"https:\/\/educacion.udd.cl\/cima\/#\/schema\/person\/image\/\",\"url\":\"https:\/\/secure.gravatar.com\/avatar\/c7c585f20c9cd5b1fc8956abfd060f1af449288eb4e630466a5a53a84641a9ca?s=96&d=mm&r=g\",\"contentUrl\":\"https:\/\/secure.gravatar.com\/avatar\/c7c585f20c9cd5b1fc8956abfd060f1af449288eb4e630466a5a53a84641a9ca?s=96&d=mm&r=g\",\"caption\":\"claudiagodia\"},\"url\":\"https:\/\/educacion.udd.cl\/cima\/author\/claudiagodia\/\"}]}<\/script>\n<!-- \/ Yoast SEO plugin. -->","yoast_head_json":{"title":"Directora Acad\u00e9mica de CIMA presenta en la conferencia anual de la Society for the Scientific Study of Reading - CIMA","robots":{"index":"index","follow":"follow","max-snippet":"max-snippet:-1","max-image-preview":"max-image-preview:large","max-video-preview":"max-video-preview:-1"},"canonical":"https:\/\/educacion.udd.cl\/cima\/2024\/07\/12\/directora-academica-de-cima-presenta-en-la-conferencia-anual-de-la-society-for-the-scientific-study-of-reading\/","og_locale":"es_ES","og_type":"article","og_title":"Directora Acad\u00e9mica de CIMA presenta en la conferencia anual de la Society for the Scientific Study of Reading - CIMA","og_description":"Sumado a esta presentaci\u00f3n, el investigador Pedro Vidal-Szab\u00f3 expuso en la conferencia magistral de la Escuela Normal Rural General Mat\u00edas Ramos Santos de M\u00e9xico, mientras que Christian Lazcano present\u00f3 en AERA 2024. Con el objetivo de influir en la pol\u00edtica p\u00fablica y acercar la academia al aula, miembros del equipo de investigadores y acad\u00e9micos de [&hellip;]","og_url":"https:\/\/educacion.udd.cl\/cima\/2024\/07\/12\/directora-academica-de-cima-presenta-en-la-conferencia-anual-de-la-society-for-the-scientific-study-of-reading\/","og_site_name":"CIMA","article_published_time":"2024-07-12T16:25:54+00:00","article_modified_time":"2024-07-12T16:25:55+00:00","og_image":[{"width":2048,"height":1536,"url":"http:\/\/educacion.udd.cl\/cima\/files\/2024\/07\/whatsapp-image-2024-07-11-at-10-20-57.jpeg","type":"image\/jpeg"}],"author":"claudiagodia","twitter_card":"summary_large_image","twitter_misc":{"Escrito por":"claudiagodia","Tiempo de lectura":"4 minutos"},"schema":{"@context":"https:\/\/schema.org","@graph":[{"@type":"Article","@id":"https:\/\/educacion.udd.cl\/cima\/2024\/07\/12\/directora-academica-de-cima-presenta-en-la-conferencia-anual-de-la-society-for-the-scientific-study-of-reading\/#article","isPartOf":{"@id":"https:\/\/educacion.udd.cl\/cima\/2024\/07\/12\/directora-academica-de-cima-presenta-en-la-conferencia-anual-de-la-society-for-the-scientific-study-of-reading\/"},"author":{"name":"claudiagodia","@id":"https:\/\/educacion.udd.cl\/cima\/#\/schema\/person\/3aefcae87945fe9ede94cc7f7cb5c1a7"},"headline":"Directora Acad\u00e9mica de CIMA presenta en la conferencia anual de la Society for the Scientific Study of Reading","datePublished":"2024-07-12T16:25:54+00:00","dateModified":"2024-07-12T16:25:55+00:00","mainEntityOfPage":{"@id":"https:\/\/educacion.udd.cl\/cima\/2024\/07\/12\/directora-academica-de-cima-presenta-en-la-conferencia-anual-de-la-society-for-the-scientific-study-of-reading\/"},"wordCount":613,"image":{"@id":"https:\/\/educacion.udd.cl\/cima\/2024\/07\/12\/directora-academica-de-cima-presenta-en-la-conferencia-anual-de-la-society-for-the-scientific-study-of-reading\/#primaryimage"},"thumbnailUrl":"https:\/\/educacion.udd.cl\/cima\/files\/2024\/07\/whatsapp-image-2024-07-11-at-10-20-57.jpeg","articleSection":["noticias"],"inLanguage":"es"},{"@type":"WebPage","@id":"https:\/\/educacion.udd.cl\/cima\/2024\/07\/12\/directora-academica-de-cima-presenta-en-la-conferencia-anual-de-la-society-for-the-scientific-study-of-reading\/","url":"https:\/\/educacion.udd.cl\/cima\/2024\/07\/12\/directora-academica-de-cima-presenta-en-la-conferencia-anual-de-la-society-for-the-scientific-study-of-reading\/","name":"Directora Acad\u00e9mica de CIMA presenta en la conferencia anual de la Society for the Scientific Study of Reading - CIMA","isPartOf":{"@id":"https:\/\/educacion.udd.cl\/cima\/#website"},"primaryImageOfPage":{"@id":"https:\/\/educacion.udd.cl\/cima\/2024\/07\/12\/directora-academica-de-cima-presenta-en-la-conferencia-anual-de-la-society-for-the-scientific-study-of-reading\/#primaryimage"},"image":{"@id":"https:\/\/educacion.udd.cl\/cima\/2024\/07\/12\/directora-academica-de-cima-presenta-en-la-conferencia-anual-de-la-society-for-the-scientific-study-of-reading\/#primaryimage"},"thumbnailUrl":"https:\/\/educacion.udd.cl\/cima\/files\/2024\/07\/whatsapp-image-2024-07-11-at-10-20-57.jpeg","datePublished":"2024-07-12T16:25:54+00:00","dateModified":"2024-07-12T16:25:55+00:00","author":{"@id":"https:\/\/educacion.udd.cl\/cima\/#\/schema\/person\/3aefcae87945fe9ede94cc7f7cb5c1a7"},"breadcrumb":{"@id":"https:\/\/educacion.udd.cl\/cima\/2024\/07\/12\/directora-academica-de-cima-presenta-en-la-conferencia-anual-de-la-society-for-the-scientific-study-of-reading\/#breadcrumb"},"inLanguage":"es","potentialAction":[{"@type":"ReadAction","target":["https:\/\/educacion.udd.cl\/cima\/2024\/07\/12\/directora-academica-de-cima-presenta-en-la-conferencia-anual-de-la-society-for-the-scientific-study-of-reading\/"]}]},{"@type":"ImageObject","inLanguage":"es","@id":"https:\/\/educacion.udd.cl\/cima\/2024\/07\/12\/directora-academica-de-cima-presenta-en-la-conferencia-anual-de-la-society-for-the-scientific-study-of-reading\/#primaryimage","url":"https:\/\/educacion.udd.cl\/cima\/files\/2024\/07\/whatsapp-image-2024-07-11-at-10-20-57.jpeg","contentUrl":"https:\/\/educacion.udd.cl\/cima\/files\/2024\/07\/whatsapp-image-2024-07-11-at-10-20-57.jpeg","width":2048,"height":1536},{"@type":"BreadcrumbList","@id":"https:\/\/educacion.udd.cl\/cima\/2024\/07\/12\/directora-academica-de-cima-presenta-en-la-conferencia-anual-de-la-society-for-the-scientific-study-of-reading\/#breadcrumb","itemListElement":[{"@type":"ListItem","position":1,"name":"Portada","item":"https:\/\/educacion.udd.cl\/cima\/"},{"@type":"ListItem","position":2,"name":"Directora Acad\u00e9mica de CIMA presenta en la conferencia anual de la Society for the Scientific Study of Reading"}]},{"@type":"WebSite","@id":"https:\/\/educacion.udd.cl\/cima\/#website","url":"https:\/\/educacion.udd.cl\/cima\/","name":"CIMA","description":"","inLanguage":"es"},{"@type":"Person","@id":"https:\/\/educacion.udd.cl\/cima\/#\/schema\/person\/3aefcae87945fe9ede94cc7f7cb5c1a7","name":"claudiagodia","image":{"@type":"ImageObject","inLanguage":"es","@id":"https:\/\/educacion.udd.cl\/cima\/#\/schema\/person\/image\/","url":"https:\/\/secure.gravatar.com\/avatar\/c7c585f20c9cd5b1fc8956abfd060f1af449288eb4e630466a5a53a84641a9ca?s=96&d=mm&r=g","contentUrl":"https:\/\/secure.gravatar.com\/avatar\/c7c585f20c9cd5b1fc8956abfd060f1af449288eb4e630466a5a53a84641a9ca?s=96&d=mm&r=g","caption":"claudiagodia"},"url":"https:\/\/educacion.udd.cl\/cima\/author\/claudiagodia\/"}]}},"featured_image_url":"https:\/\/educacion.udd.cl\/cima\/files\/2024\/07\/whatsapp-image-2024-07-11-at-10-20-57.jpeg","_links":{"self":[{"href":"https:\/\/educacion.udd.cl\/cima\/wp-json\/wp\/v2\/posts\/574","targetHints":{"allow":["GET"]}}],"collection":[{"href":"https:\/\/educacion.udd.cl\/cima\/wp-json\/wp\/v2\/posts"}],"about":[{"href":"https:\/\/educacion.udd.cl\/cima\/wp-json\/wp\/v2\/types\/post"}],"author":[{"embeddable":true,"href":"https:\/\/educacion.udd.cl\/cima\/wp-json\/wp\/v2\/users\/39"}],"replies":[{"embeddable":true,"href":"https:\/\/educacion.udd.cl\/cima\/wp-json\/wp\/v2\/comments?post=574"}],"version-history":[{"count":1,"href":"https:\/\/educacion.udd.cl\/cima\/wp-json\/wp\/v2\/posts\/574\/revisions"}],"predecessor-version":[{"id":592,"href":"https:\/\/educacion.udd.cl\/cima\/wp-json\/wp\/v2\/posts\/574\/revisions\/592"}],"wp:featuredmedia":[{"embeddable":true,"href":"https:\/\/educacion.udd.cl\/cima\/wp-json\/wp\/v2\/media\/586"}],"wp:attachment":[{"href":"https:\/\/educacion.udd.cl\/cima\/wp-json\/wp\/v2\/media?parent=574"}],"wp:term":[{"taxonomy":"category","embeddable":true,"href":"https:\/\/educacion.udd.cl\/cima\/wp-json\/wp\/v2\/categories?post=574"},{"taxonomy":"post_tag","embeddable":true,"href":"https:\/\/educacion.udd.cl\/cima\/wp-json\/wp\/v2\/tags?post=574"}],"curies":[{"name":"wp","href":"https:\/\/api.w.org\/{rel}","templated":true}]}}