{"id":556,"date":"2024-06-24T09:00:00","date_gmt":"2024-06-24T13:00:00","guid":{"rendered":"https:\/\/educacion.udd.cl\/cima\/?p=556"},"modified":"2024-06-22T19:50:15","modified_gmt":"2024-06-22T23:50:15","slug":"investigador-de-cima-presenta-en-congreso-internacional-sobre-liderazgo-educativo","status":"publish","type":"post","link":"https:\/\/educacion.udd.cl\/cima\/2024\/06\/24\/investigador-de-cima-presenta-en-congreso-internacional-sobre-liderazgo-educativo\/","title":{"rendered":"Investigador de CIMA presenta en congreso internacional sobre liderazgo educativo"},"content":{"rendered":"\n<p><em>Con dos ponencias y una participaci\u00f3n en un simposio, el acad\u00e9mico present\u00f3 los resultados de investigaciones que identifican los principales desaf\u00edos a los que se enfrentan los establecimientos t\u00e9cnicos profesionales chilenos, en materia de liderazgo.\u00a0 \u00a0\u00a0<\/em><\/p>\n\n\n\n<p>El pasado 27, 28 y 29 de mayo, el investigador asociado del Centro de Investigaci\u00f3n para la mejora de los Aprendizajes (CIMA) de la Facultad de Educaci\u00f3n UDD, Armando Rojas, particip\u00f3 en el V Congreso Internacional de Liderazgo y Mejora de la Educaci\u00f3n, que se celebr\u00f3 en la Facultad de Psicolog\u00eda y Ciencias de la Educaci\u00f3n de la Universidad de Oporto, en Portugal.<\/p>\n\n\n\n<p>\u00abLiderazgo Sist\u00e9mico en establecimientos educacionales t\u00e9cnico profesionales de los servicios locales de la Regi\u00f3n Metropolitana\u00bb, es el t\u00edtulo de una de las ponencias del acad\u00e9mico, con la cual present\u00f3 los resultados de un estudio que analiza las pr\u00e1cticas de liderazgo sist\u00e9mico en la educaci\u00f3n secundaria de formaci\u00f3n profesional, en dos servicios locales de la Regi\u00f3n Metropolitana de Chile.<\/p>\n\n\n<section class=\"wp-block-udd-gallery-carousel wp-carousel-gallery\">\n\t<div class=\"container\">\n\t\t<div\n\t\t\tclass=\"slick-carousel gallery-slick-carousel gallery-carousel--1\"\n\t\t\tdata-slick='{&quot;slidesToScroll&quot;:1,&quot;slidesToShow&quot;:1,&quot;appendDots&quot;:&quot;#dots-69f2b6640faa9&quot;,&quot;prevArrow&quot;:&quot;&lt;button type=\\&quot;button\\&quot; class=\\&quot;btn btn-primary slick-prev\\&quot;&gt;&lt;svg class=\\&quot;svg-chevron-left-dims\\&quot;&gt;&lt;use xlink:href=&#039;https:\\\/\\\/educacion.udd.cl\\\/cima\\\/wp-content\\\/themes\\\/facultades-2018\\\/assets\\\/img\\\/svg\\\/dist\\\/main.svg?version=1695853099#chevron-left&#039;&gt;&lt;\\\/use&gt;&lt;\\\/svg&gt;&lt;span class=\\&quot;sr-only\\&quot;&gt;Anterior&lt;\\\/span&gt;&lt;\\\/button&gt;&quot;,&quot;nextArrow&quot;:&quot;&lt;button type=\\&quot;button\\&quot; class=\\&quot;btn btn-primary slick-next\\&quot;&gt;&lt;svg class=\\&quot;svg-chevron-right-dims\\&quot;&gt;&lt;use xlink:href=&#039;https:\\\/\\\/educacion.udd.cl\\\/cima\\\/wp-content\\\/themes\\\/facultades-2018\\\/assets\\\/img\\\/svg\\\/dist\\\/main.svg?version=1695853099#chevron-right&#039;&gt;&lt;\\\/use&gt;&lt;\\\/svg&gt;&lt;span class=\\&quot;sr-only\\&quot;&gt;Siguiente&lt;\\\/span&gt;&lt;\\\/button&gt;&quot;,&quot;infinite&quot;:true,&quot;dots&quot;:true}'\n\t\t>\n\t\t\t\t\t\t\t<figure>\n\t\t\t\t\t<img loading=\"lazy\" decoding=\"async\" width=\"540\" height=\"720\" src=\"https:\/\/educacion.udd.cl\/cima\/wp-content\/plugins\/wp-async-img-load\/blank.png\" class=\"attachment-1280x720 size-1280x720 lazyload\" alt=\"\" sizes=\"auto, (max-width: 540px) 100vw, 540px\" data-src=\"https:\/\/educacion.udd.cl\/cima\/files\/2024\/06\/whatsapp-image-2024-06-19-at-10-50-43.jpeg\" data-srcset=\"https:\/\/educacion.udd.cl\/cima\/files\/2024\/06\/whatsapp-image-2024-06-19-at-10-50-43.jpeg 1200w, https:\/\/educacion.udd.cl\/cima\/files\/2024\/06\/whatsapp-image-2024-06-19-at-10-50-43-225x300.jpeg 225w, https:\/\/educacion.udd.cl\/cima\/files\/2024\/06\/whatsapp-image-2024-06-19-at-10-50-43-768x1024.jpeg 768w, https:\/\/educacion.udd.cl\/cima\/files\/2024\/06\/whatsapp-image-2024-06-19-at-10-50-43-1152x1536.jpeg 1152w\" \/>\t\t\t\t\t\t\t\t\t<\/figure>\n\t\t\t\t\t\t\t<figure>\n\t\t\t\t\t<img loading=\"lazy\" decoding=\"async\" width=\"960\" height=\"720\" src=\"https:\/\/educacion.udd.cl\/cima\/wp-content\/plugins\/wp-async-img-load\/blank.png\" class=\"attachment-1280x720 size-1280x720 lazyload\" alt=\"\" sizes=\"auto, (max-width: 960px) 100vw, 960px\" data-src=\"https:\/\/educacion.udd.cl\/cima\/files\/2024\/06\/whatsapp-image-2024-06-19-at-10-50-52.jpeg\" data-srcset=\"https:\/\/educacion.udd.cl\/cima\/files\/2024\/06\/whatsapp-image-2024-06-19-at-10-50-52.jpeg 1280w, https:\/\/educacion.udd.cl\/cima\/files\/2024\/06\/whatsapp-image-2024-06-19-at-10-50-52-300x225.jpeg 300w, https:\/\/educacion.udd.cl\/cima\/files\/2024\/06\/whatsapp-image-2024-06-19-at-10-50-52-1024x768.jpeg 1024w, https:\/\/educacion.udd.cl\/cima\/files\/2024\/06\/whatsapp-image-2024-06-19-at-10-50-52-768x576.jpeg 768w\" \/>\t\t\t\t\t\t\t\t\t<\/figure>\n\t\t\t\t\t\t\t<figure>\n\t\t\t\t\t<img loading=\"lazy\" decoding=\"async\" width=\"1280\" height=\"720\" src=\"https:\/\/educacion.udd.cl\/cima\/wp-content\/plugins\/wp-async-img-load\/blank.png\" class=\"attachment-1280x720 size-1280x720 lazyload\" alt=\"\" sizes=\"auto, (max-width: 1280px) 100vw, 1280px\" data-src=\"https:\/\/educacion.udd.cl\/cima\/files\/2024\/06\/whatsapp-image-2024-06-19-at-10-51-01-1366x768.jpeg\" data-srcset=\"https:\/\/educacion.udd.cl\/cima\/files\/2024\/06\/whatsapp-image-2024-06-19-at-10-51-01-1366x768.jpeg 1366w, https:\/\/educacion.udd.cl\/cima\/files\/2024\/06\/whatsapp-image-2024-06-19-at-10-51-01-680x382.jpeg 680w\" \/>\t\t\t\t\t\t\t\t\t<\/figure>\n\t\t\t\t\t<\/div>\n\t\t<div\n\t\t\tclass=\"carousel-gallery--carousel-dots\"\n\t\t\tid=\"dots-69f2b6640faa9\"\n\t\t><\/div>\n\t<\/div>\n<\/section>\n\n\n\n<p>Luego, en su segunda ponencia, expuso los resultados de un estudio que indagaba en cu\u00e1les eran las pr\u00e1cticas de liderazgo que favorecen el desarrollo profesional docente, con un enfoque comparativo de pol\u00edticas educativas entre dos centros de educaci\u00f3n secundaria t\u00e9cnico profesional de Chile y dos centros de M\u00e9xico.<\/p>\n\n\n\n<p>Por \u00faltimo, el acad\u00e9mico tuvo la oportunidad de participar en el simposio \u201cLa educaci\u00f3n t\u00e9cnico profesional en Am\u00e9rica Latina, el enfoque de las pol\u00edticas educativas en Chile y M\u00e9xico\u201d, el cual se centr\u00f3 en analizar los desaf\u00edos para la pol\u00edtica educativa de Chile y M\u00e9xico respecto a la mejora de centros secundarios de educaci\u00f3n t\u00e9cnico profesional.<\/p>\n\n\n\n<p><strong>\u201cMi participaci\u00f3n en este congreso internacional tributa directamente a los objetivos que se plantea CIMA, sobre ser actores influyentes en la formulaci\u00f3n de pol\u00edticas p\u00fablicas y de establecer redes de colaboraci\u00f3n con actores internacionales\u201d, explica Armando Rojas. \u201cLos estudios que present\u00e9, muestran algunos de los principales desaf\u00edos para el liderazgo en centros de educaci\u00f3n secundaria t\u00e9cnico profesional de nuestro pa\u00eds\u201d.<\/strong><\/p>\n","protected":false},"excerpt":{"rendered":"<p>Con dos ponencias y una participaci\u00f3n en un simposio, el acad\u00e9mico present\u00f3 los resultados de investigaciones que identifican los principales desaf\u00edos a los que se enfrentan los establecimientos t\u00e9cnicos profesionales chilenos, en materia de liderazgo.\u00a0 \u00a0\u00a0 El pasado 27, 28 y 29 de mayo, el investigador asociado del Centro de Investigaci\u00f3n para la mejora de [&hellip;]<\/p>\n","protected":false},"author":39,"featured_media":565,"comment_status":"closed","ping_status":"open","sticky":false,"template":"","format":"standard","meta":{"footnotes":""},"categories":[9],"tags":[],"class_list":["post-556","post","type-post","status-publish","format-standard","has-post-thumbnail","hentry","category-noticias"],"yoast_head":"<!-- This site is optimized with the Yoast SEO plugin v26.9 - https:\/\/yoast.com\/product\/yoast-seo-wordpress\/ -->\n<title>Investigador de CIMA presenta en congreso internacional sobre liderazgo educativo - CIMA<\/title>\n<meta name=\"robots\" content=\"index, follow, max-snippet:-1, max-image-preview:large, max-video-preview:-1\" \/>\n<link rel=\"canonical\" href=\"https:\/\/educacion.udd.cl\/cima\/2024\/06\/24\/investigador-de-cima-presenta-en-congreso-internacional-sobre-liderazgo-educativo\/\" \/>\n<meta property=\"og:locale\" content=\"es_ES\" \/>\n<meta property=\"og:type\" content=\"article\" \/>\n<meta property=\"og:title\" content=\"Investigador de CIMA presenta en congreso internacional sobre liderazgo educativo - CIMA\" \/>\n<meta property=\"og:description\" content=\"Con dos ponencias y una participaci\u00f3n en un simposio, el acad\u00e9mico present\u00f3 los resultados de investigaciones que identifican los principales desaf\u00edos a los que se enfrentan los establecimientos t\u00e9cnicos profesionales chilenos, en materia de liderazgo.\u00a0 \u00a0\u00a0 El pasado 27, 28 y 29 de mayo, el investigador asociado del Centro de Investigaci\u00f3n para la mejora de [&hellip;]\" \/>\n<meta property=\"og:url\" content=\"https:\/\/educacion.udd.cl\/cima\/2024\/06\/24\/investigador-de-cima-presenta-en-congreso-internacional-sobre-liderazgo-educativo\/\" \/>\n<meta property=\"og:site_name\" content=\"CIMA\" \/>\n<meta property=\"article:published_time\" content=\"2024-06-24T13:00:00+00:00\" \/>\n<meta property=\"og:image\" content=\"https:\/\/educacion.udd.cl\/cima\/files\/2024\/06\/whatsapp-image-2024-06-19-at-10-51-01.jpeg\" \/>\n\t<meta property=\"og:image:width\" content=\"1600\" \/>\n\t<meta property=\"og:image:height\" content=\"1200\" \/>\n\t<meta property=\"og:image:type\" content=\"image\/jpeg\" \/>\n<meta name=\"author\" content=\"claudiagodia\" \/>\n<meta name=\"twitter:card\" content=\"summary_large_image\" \/>\n<meta name=\"twitter:label1\" content=\"Escrito por\" \/>\n\t<meta name=\"twitter:data1\" content=\"claudiagodia\" \/>\n\t<meta name=\"twitter:label2\" content=\"Tiempo de lectura\" \/>\n\t<meta name=\"twitter:data2\" content=\"3 minutos\" \/>\n<script type=\"application\/ld+json\" class=\"yoast-schema-graph\">{\"@context\":\"https:\/\/schema.org\",\"@graph\":[{\"@type\":\"Article\",\"@id\":\"https:\/\/educacion.udd.cl\/cima\/2024\/06\/24\/investigador-de-cima-presenta-en-congreso-internacional-sobre-liderazgo-educativo\/#article\",\"isPartOf\":{\"@id\":\"https:\/\/educacion.udd.cl\/cima\/2024\/06\/24\/investigador-de-cima-presenta-en-congreso-internacional-sobre-liderazgo-educativo\/\"},\"author\":{\"name\":\"claudiagodia\",\"@id\":\"https:\/\/educacion.udd.cl\/cima\/#\/schema\/person\/3aefcae87945fe9ede94cc7f7cb5c1a7\"},\"headline\":\"Investigador de CIMA presenta en congreso internacional sobre liderazgo educativo\",\"datePublished\":\"2024-06-24T13:00:00+00:00\",\"mainEntityOfPage\":{\"@id\":\"https:\/\/educacion.udd.cl\/cima\/2024\/06\/24\/investigador-de-cima-presenta-en-congreso-internacional-sobre-liderazgo-educativo\/\"},\"wordCount\":372,\"image\":{\"@id\":\"https:\/\/educacion.udd.cl\/cima\/2024\/06\/24\/investigador-de-cima-presenta-en-congreso-internacional-sobre-liderazgo-educativo\/#primaryimage\"},\"thumbnailUrl\":\"https:\/\/educacion.udd.cl\/cima\/files\/2024\/06\/whatsapp-image-2024-06-19-at-10-51-01.jpeg\",\"articleSection\":[\"noticias\"],\"inLanguage\":\"es\"},{\"@type\":\"WebPage\",\"@id\":\"https:\/\/educacion.udd.cl\/cima\/2024\/06\/24\/investigador-de-cima-presenta-en-congreso-internacional-sobre-liderazgo-educativo\/\",\"url\":\"https:\/\/educacion.udd.cl\/cima\/2024\/06\/24\/investigador-de-cima-presenta-en-congreso-internacional-sobre-liderazgo-educativo\/\",\"name\":\"Investigador de CIMA presenta en congreso internacional sobre liderazgo educativo - CIMA\",\"isPartOf\":{\"@id\":\"https:\/\/educacion.udd.cl\/cima\/#website\"},\"primaryImageOfPage\":{\"@id\":\"https:\/\/educacion.udd.cl\/cima\/2024\/06\/24\/investigador-de-cima-presenta-en-congreso-internacional-sobre-liderazgo-educativo\/#primaryimage\"},\"image\":{\"@id\":\"https:\/\/educacion.udd.cl\/cima\/2024\/06\/24\/investigador-de-cima-presenta-en-congreso-internacional-sobre-liderazgo-educativo\/#primaryimage\"},\"thumbnailUrl\":\"https:\/\/educacion.udd.cl\/cima\/files\/2024\/06\/whatsapp-image-2024-06-19-at-10-51-01.jpeg\",\"datePublished\":\"2024-06-24T13:00:00+00:00\",\"author\":{\"@id\":\"https:\/\/educacion.udd.cl\/cima\/#\/schema\/person\/3aefcae87945fe9ede94cc7f7cb5c1a7\"},\"breadcrumb\":{\"@id\":\"https:\/\/educacion.udd.cl\/cima\/2024\/06\/24\/investigador-de-cima-presenta-en-congreso-internacional-sobre-liderazgo-educativo\/#breadcrumb\"},\"inLanguage\":\"es\",\"potentialAction\":[{\"@type\":\"ReadAction\",\"target\":[\"https:\/\/educacion.udd.cl\/cima\/2024\/06\/24\/investigador-de-cima-presenta-en-congreso-internacional-sobre-liderazgo-educativo\/\"]}]},{\"@type\":\"ImageObject\",\"inLanguage\":\"es\",\"@id\":\"https:\/\/educacion.udd.cl\/cima\/2024\/06\/24\/investigador-de-cima-presenta-en-congreso-internacional-sobre-liderazgo-educativo\/#primaryimage\",\"url\":\"https:\/\/educacion.udd.cl\/cima\/files\/2024\/06\/whatsapp-image-2024-06-19-at-10-51-01.jpeg\",\"contentUrl\":\"https:\/\/educacion.udd.cl\/cima\/files\/2024\/06\/whatsapp-image-2024-06-19-at-10-51-01.jpeg\",\"width\":1600,\"height\":1200},{\"@type\":\"BreadcrumbList\",\"@id\":\"https:\/\/educacion.udd.cl\/cima\/2024\/06\/24\/investigador-de-cima-presenta-en-congreso-internacional-sobre-liderazgo-educativo\/#breadcrumb\",\"itemListElement\":[{\"@type\":\"ListItem\",\"position\":1,\"name\":\"Portada\",\"item\":\"https:\/\/educacion.udd.cl\/cima\/\"},{\"@type\":\"ListItem\",\"position\":2,\"name\":\"Investigador de CIMA presenta en congreso internacional sobre liderazgo educativo\"}]},{\"@type\":\"WebSite\",\"@id\":\"https:\/\/educacion.udd.cl\/cima\/#website\",\"url\":\"https:\/\/educacion.udd.cl\/cima\/\",\"name\":\"CIMA\",\"description\":\"\",\"inLanguage\":\"es\"},{\"@type\":\"Person\",\"@id\":\"https:\/\/educacion.udd.cl\/cima\/#\/schema\/person\/3aefcae87945fe9ede94cc7f7cb5c1a7\",\"name\":\"claudiagodia\",\"image\":{\"@type\":\"ImageObject\",\"inLanguage\":\"es\",\"@id\":\"https:\/\/educacion.udd.cl\/cima\/#\/schema\/person\/image\/\",\"url\":\"https:\/\/secure.gravatar.com\/avatar\/c7c585f20c9cd5b1fc8956abfd060f1af449288eb4e630466a5a53a84641a9ca?s=96&d=mm&r=g\",\"contentUrl\":\"https:\/\/secure.gravatar.com\/avatar\/c7c585f20c9cd5b1fc8956abfd060f1af449288eb4e630466a5a53a84641a9ca?s=96&d=mm&r=g\",\"caption\":\"claudiagodia\"},\"url\":\"https:\/\/educacion.udd.cl\/cima\/author\/claudiagodia\/\"}]}<\/script>\n<!-- \/ Yoast SEO plugin. -->","yoast_head_json":{"title":"Investigador de CIMA presenta en congreso internacional sobre liderazgo educativo - CIMA","robots":{"index":"index","follow":"follow","max-snippet":"max-snippet:-1","max-image-preview":"max-image-preview:large","max-video-preview":"max-video-preview:-1"},"canonical":"https:\/\/educacion.udd.cl\/cima\/2024\/06\/24\/investigador-de-cima-presenta-en-congreso-internacional-sobre-liderazgo-educativo\/","og_locale":"es_ES","og_type":"article","og_title":"Investigador de CIMA presenta en congreso internacional sobre liderazgo educativo - CIMA","og_description":"Con dos ponencias y una participaci\u00f3n en un simposio, el acad\u00e9mico present\u00f3 los resultados de investigaciones que identifican los principales desaf\u00edos a los que se enfrentan los establecimientos t\u00e9cnicos profesionales chilenos, en materia de liderazgo.\u00a0 \u00a0\u00a0 El pasado 27, 28 y 29 de mayo, el investigador asociado del Centro de Investigaci\u00f3n para la mejora de [&hellip;]","og_url":"https:\/\/educacion.udd.cl\/cima\/2024\/06\/24\/investigador-de-cima-presenta-en-congreso-internacional-sobre-liderazgo-educativo\/","og_site_name":"CIMA","article_published_time":"2024-06-24T13:00:00+00:00","og_image":[{"width":1600,"height":1200,"url":"https:\/\/educacion.udd.cl\/cima\/files\/2024\/06\/whatsapp-image-2024-06-19-at-10-51-01.jpeg","type":"image\/jpeg"}],"author":"claudiagodia","twitter_card":"summary_large_image","twitter_misc":{"Escrito por":"claudiagodia","Tiempo de lectura":"3 minutos"},"schema":{"@context":"https:\/\/schema.org","@graph":[{"@type":"Article","@id":"https:\/\/educacion.udd.cl\/cima\/2024\/06\/24\/investigador-de-cima-presenta-en-congreso-internacional-sobre-liderazgo-educativo\/#article","isPartOf":{"@id":"https:\/\/educacion.udd.cl\/cima\/2024\/06\/24\/investigador-de-cima-presenta-en-congreso-internacional-sobre-liderazgo-educativo\/"},"author":{"name":"claudiagodia","@id":"https:\/\/educacion.udd.cl\/cima\/#\/schema\/person\/3aefcae87945fe9ede94cc7f7cb5c1a7"},"headline":"Investigador de CIMA presenta en congreso internacional sobre liderazgo educativo","datePublished":"2024-06-24T13:00:00+00:00","mainEntityOfPage":{"@id":"https:\/\/educacion.udd.cl\/cima\/2024\/06\/24\/investigador-de-cima-presenta-en-congreso-internacional-sobre-liderazgo-educativo\/"},"wordCount":372,"image":{"@id":"https:\/\/educacion.udd.cl\/cima\/2024\/06\/24\/investigador-de-cima-presenta-en-congreso-internacional-sobre-liderazgo-educativo\/#primaryimage"},"thumbnailUrl":"https:\/\/educacion.udd.cl\/cima\/files\/2024\/06\/whatsapp-image-2024-06-19-at-10-51-01.jpeg","articleSection":["noticias"],"inLanguage":"es"},{"@type":"WebPage","@id":"https:\/\/educacion.udd.cl\/cima\/2024\/06\/24\/investigador-de-cima-presenta-en-congreso-internacional-sobre-liderazgo-educativo\/","url":"https:\/\/educacion.udd.cl\/cima\/2024\/06\/24\/investigador-de-cima-presenta-en-congreso-internacional-sobre-liderazgo-educativo\/","name":"Investigador de CIMA presenta en congreso internacional sobre liderazgo educativo - CIMA","isPartOf":{"@id":"https:\/\/educacion.udd.cl\/cima\/#website"},"primaryImageOfPage":{"@id":"https:\/\/educacion.udd.cl\/cima\/2024\/06\/24\/investigador-de-cima-presenta-en-congreso-internacional-sobre-liderazgo-educativo\/#primaryimage"},"image":{"@id":"https:\/\/educacion.udd.cl\/cima\/2024\/06\/24\/investigador-de-cima-presenta-en-congreso-internacional-sobre-liderazgo-educativo\/#primaryimage"},"thumbnailUrl":"https:\/\/educacion.udd.cl\/cima\/files\/2024\/06\/whatsapp-image-2024-06-19-at-10-51-01.jpeg","datePublished":"2024-06-24T13:00:00+00:00","author":{"@id":"https:\/\/educacion.udd.cl\/cima\/#\/schema\/person\/3aefcae87945fe9ede94cc7f7cb5c1a7"},"breadcrumb":{"@id":"https:\/\/educacion.udd.cl\/cima\/2024\/06\/24\/investigador-de-cima-presenta-en-congreso-internacional-sobre-liderazgo-educativo\/#breadcrumb"},"inLanguage":"es","potentialAction":[{"@type":"ReadAction","target":["https:\/\/educacion.udd.cl\/cima\/2024\/06\/24\/investigador-de-cima-presenta-en-congreso-internacional-sobre-liderazgo-educativo\/"]}]},{"@type":"ImageObject","inLanguage":"es","@id":"https:\/\/educacion.udd.cl\/cima\/2024\/06\/24\/investigador-de-cima-presenta-en-congreso-internacional-sobre-liderazgo-educativo\/#primaryimage","url":"https:\/\/educacion.udd.cl\/cima\/files\/2024\/06\/whatsapp-image-2024-06-19-at-10-51-01.jpeg","contentUrl":"https:\/\/educacion.udd.cl\/cima\/files\/2024\/06\/whatsapp-image-2024-06-19-at-10-51-01.jpeg","width":1600,"height":1200},{"@type":"BreadcrumbList","@id":"https:\/\/educacion.udd.cl\/cima\/2024\/06\/24\/investigador-de-cima-presenta-en-congreso-internacional-sobre-liderazgo-educativo\/#breadcrumb","itemListElement":[{"@type":"ListItem","position":1,"name":"Portada","item":"https:\/\/educacion.udd.cl\/cima\/"},{"@type":"ListItem","position":2,"name":"Investigador de CIMA presenta en congreso internacional sobre liderazgo educativo"}]},{"@type":"WebSite","@id":"https:\/\/educacion.udd.cl\/cima\/#website","url":"https:\/\/educacion.udd.cl\/cima\/","name":"CIMA","description":"","inLanguage":"es"},{"@type":"Person","@id":"https:\/\/educacion.udd.cl\/cima\/#\/schema\/person\/3aefcae87945fe9ede94cc7f7cb5c1a7","name":"claudiagodia","image":{"@type":"ImageObject","inLanguage":"es","@id":"https:\/\/educacion.udd.cl\/cima\/#\/schema\/person\/image\/","url":"https:\/\/secure.gravatar.com\/avatar\/c7c585f20c9cd5b1fc8956abfd060f1af449288eb4e630466a5a53a84641a9ca?s=96&d=mm&r=g","contentUrl":"https:\/\/secure.gravatar.com\/avatar\/c7c585f20c9cd5b1fc8956abfd060f1af449288eb4e630466a5a53a84641a9ca?s=96&d=mm&r=g","caption":"claudiagodia"},"url":"https:\/\/educacion.udd.cl\/cima\/author\/claudiagodia\/"}]}},"featured_image_url":"https:\/\/educacion.udd.cl\/cima\/files\/2024\/06\/whatsapp-image-2024-06-19-at-10-51-01.jpeg","_links":{"self":[{"href":"https:\/\/educacion.udd.cl\/cima\/wp-json\/wp\/v2\/posts\/556","targetHints":{"allow":["GET"]}}],"collection":[{"href":"https:\/\/educacion.udd.cl\/cima\/wp-json\/wp\/v2\/posts"}],"about":[{"href":"https:\/\/educacion.udd.cl\/cima\/wp-json\/wp\/v2\/types\/post"}],"author":[{"embeddable":true,"href":"https:\/\/educacion.udd.cl\/cima\/wp-json\/wp\/v2\/users\/39"}],"replies":[{"embeddable":true,"href":"https:\/\/educacion.udd.cl\/cima\/wp-json\/wp\/v2\/comments?post=556"}],"version-history":[{"count":1,"href":"https:\/\/educacion.udd.cl\/cima\/wp-json\/wp\/v2\/posts\/556\/revisions"}],"predecessor-version":[{"id":568,"href":"https:\/\/educacion.udd.cl\/cima\/wp-json\/wp\/v2\/posts\/556\/revisions\/568"}],"wp:featuredmedia":[{"embeddable":true,"href":"https:\/\/educacion.udd.cl\/cima\/wp-json\/wp\/v2\/media\/565"}],"wp:attachment":[{"href":"https:\/\/educacion.udd.cl\/cima\/wp-json\/wp\/v2\/media?parent=556"}],"wp:term":[{"taxonomy":"category","embeddable":true,"href":"https:\/\/educacion.udd.cl\/cima\/wp-json\/wp\/v2\/categories?post=556"},{"taxonomy":"post_tag","embeddable":true,"href":"https:\/\/educacion.udd.cl\/cima\/wp-json\/wp\/v2\/tags?post=556"}],"curies":[{"name":"wp","href":"https:\/\/api.w.org\/{rel}","templated":true}]}}