{"id":541,"date":"2024-05-02T11:45:49","date_gmt":"2024-05-02T15:45:49","guid":{"rendered":"https:\/\/educacion.udd.cl\/cima\/?p=541"},"modified":"2024-05-23T11:51:57","modified_gmt":"2024-05-23T15:51:57","slug":"investigadora-de-cima-realiza-ponencias-internacionales-en-el-marco-de-catedra-unesco-subsede-udd-chile","status":"publish","type":"post","link":"https:\/\/educacion.udd.cl\/cima\/2024\/05\/02\/investigadora-de-cima-realiza-ponencias-internacionales-en-el-marco-de-catedra-unesco-subsede-udd-chile\/","title":{"rendered":"Investigadora de CIMA realiza ponencias internacionales en el marco de C\u00e1tedra Unesco, Subsede UDD-Chile"},"content":{"rendered":"\n<p><\/p>\n\n\n\n<p><em>El prop\u00f3sito de la C\u00e1tedra Unesco est\u00e1 orientado a la alfabetizaci\u00f3n acad\u00e9mica, facilitando a estudiantes y docentes estrategias que les permitan acercarse de mejor manera a las formas de escribir tanto en la universidad, en el \u00e1mbito cient\u00edfico, y particularmente en el \u00e1mbito disciplinar.<\/em><\/p>\n\n\n\n<p>Con el objetivo de potenciar las acciones que realiza la Facultad de Educaci\u00f3n UDD como Subsede de la C\u00e1tedra Unesco para la Lectura y Escritura, la investigadora CIMA y coordinadora de esta instancia, Amparo Galdames, realiz\u00f3 dos ponencias en encuentros de esta materia.<\/p>\n\n\n\n<p>La primera presentaci\u00f3n se realiz\u00f3 durante la charla <strong>Orientaciones para la aplicaci\u00f3n de estrategias focalizadas en el g\u00e9nero discursivo: oportunidades para los int\u00e9rpretes<\/strong>, organizada por la Maestr\u00eda en Traducci\u00f3n de la Universidad de Antioqu\u00eda, de Colombia.<\/p>\n\n\n\n<p>\u201cLa colaboraci\u00f3n con la C\u00e1tedra Unesco y la Universidad del Desarrollo nos brinda oportunidades para establecer conexiones con otros programas de educaci\u00f3n superior, instituciones de investigaci\u00f3n y profesionales del campo de la traducci\u00f3n y la interpretaci\u00f3n a nivel nacional e internacional\u201d, se\u00f1al\u00f3 el coordinador de la Maestr\u00eda en Traducci\u00f3n, Alejandro Arroyave, agregando que \u201cestas redes enriquecen la experiencia de los estudiantes y promueven la excelencia acad\u00e9mica\u201d.<\/p>\n\n\n\n<p>Asimismo, la investigadora del CIMA particip\u00f3 en la <strong>X Jornada de J\u00f3venes Investigadores en Lengua y Literatura<\/strong>, organizada por el Instituto de Formaci\u00f3n Docente Salom\u00e9 Ure\u00f1a, ISFODOSU, de Rep\u00fablica Dominicana.<\/p>\n\n\n\n<p>Nour Adoumieh, investigadora a cargo de la organizaci\u00f3n de esta jornada, destac\u00f3 la participaci\u00f3n de la acad\u00e9mica de Educaci\u00f3n UDD, ya que permiti\u00f3 dinamizar actividades conjuntas con C\u00e1tedra Unesco Subsede UDD: \u201csu presentaci\u00f3n se centr\u00f3 en la afectividad del escritor y la producci\u00f3n de textos acad\u00e9micos y en la exploraci\u00f3n de algunas razones que pudiera dar cuenta de por qu\u00e9 nos cuesta tanto escribir. Este an\u00e1lisis reflexivo y su enfoque interdisciplinario, fueron muy apreciados por los asistentes, y al mismo tiempo, sirvieron como un mecanismo emp\u00e1tico que promovi\u00f3 la conexi\u00f3n grupal\u201d.<\/p>\n\n\n\n<p>Estos eventos reflejan el compromiso continuo de la C\u00e1tedra Unesco y la Universidad del Desarrollo con la excelencia acad\u00e9mica y la colaboraci\u00f3n interinstitucional a nivel nacional e internacional, destacando la importancia de la interdisciplinariedad en la formaci\u00f3n de futuros profesionales y acad\u00e9micos.<\/p>\n\n\n\n<p>\u201cEl trabajo que est\u00e1 realizando la UDD como Subsede, ha revitalizado un aspecto que estaba en desarrollo dentro de la C\u00e1tedra\u201d, afirma el director de C\u00e1tedra Unesco para la Lectura y Escritura Chile, Dr. Ren\u00e9 Venegas, agregando que \u201cesperamos continuar con esta colaboraci\u00f3n para tambi\u00e9n desarrollar otras instancias y poder vincularnos con la comunidad internacional a trav\u00e9s de congresos o seminarios que puedan ser organizados desde las Subsedes\u201d.<\/p>\n\n\n\n<p>Revive la charla aqu\u00ed:<\/p>\n\n\n\n<figure class=\"wp-block-embed is-type-video is-provider-youtube wp-block-embed-youtube wp-embed-aspect-16-9 wp-has-aspect-ratio\"><div class=\"wp-block-embed__wrapper\">\n<iframe loading=\"lazy\" title=\"Orientaciones para la aplicaci\u00f3n de estrategias focalizadas en el g\u00e9nero discursivo\" width=\"500\" height=\"281\" src=\"https:\/\/www.youtube.com\/embed\/mEEMPT-SR28?feature=oembed\" frameborder=\"0\" allow=\"accelerometer; autoplay; clipboard-write; encrypted-media; gyroscope; picture-in-picture; web-share\" referrerpolicy=\"strict-origin-when-cross-origin\" allowfullscreen><\/iframe>\n<\/div><\/figure>\n","protected":false},"excerpt":{"rendered":"<p>El prop\u00f3sito de la C\u00e1tedra Unesco est\u00e1 orientado a la alfabetizaci\u00f3n acad\u00e9mica, facilitando a estudiantes y docentes estrategias que les permitan acercarse de mejor manera a las formas de escribir tanto en la universidad, en el \u00e1mbito cient\u00edfico, y particularmente en el \u00e1mbito disciplinar. Con el objetivo de potenciar las acciones que realiza la Facultad [&hellip;]<\/p>\n","protected":false},"author":39,"featured_media":246,"comment_status":"closed","ping_status":"open","sticky":false,"template":"","format":"standard","meta":{"footnotes":""},"categories":[9],"tags":[],"class_list":["post-541","post","type-post","status-publish","format-standard","has-post-thumbnail","hentry","category-noticias"],"yoast_head":"<!-- This site is optimized with the Yoast SEO plugin v26.9 - https:\/\/yoast.com\/product\/yoast-seo-wordpress\/ -->\n<title>Investigadora de CIMA realiza ponencias internacionales en el marco de C\u00e1tedra Unesco, Subsede UDD-Chile - CIMA<\/title>\n<meta name=\"robots\" content=\"index, follow, max-snippet:-1, max-image-preview:large, max-video-preview:-1\" \/>\n<link rel=\"canonical\" href=\"https:\/\/educacion.udd.cl\/cima\/2024\/05\/02\/investigadora-de-cima-realiza-ponencias-internacionales-en-el-marco-de-catedra-unesco-subsede-udd-chile\/\" \/>\n<meta property=\"og:locale\" content=\"es_ES\" \/>\n<meta property=\"og:type\" content=\"article\" \/>\n<meta property=\"og:title\" content=\"Investigadora de CIMA realiza ponencias internacionales en el marco de C\u00e1tedra Unesco, Subsede UDD-Chile - CIMA\" \/>\n<meta property=\"og:description\" content=\"El prop\u00f3sito de la C\u00e1tedra Unesco est\u00e1 orientado a la alfabetizaci\u00f3n acad\u00e9mica, facilitando a estudiantes y docentes estrategias que les permitan acercarse de mejor manera a las formas de escribir tanto en la universidad, en el \u00e1mbito cient\u00edfico, y particularmente en el \u00e1mbito disciplinar. Con el objetivo de potenciar las acciones que realiza la Facultad [&hellip;]\" \/>\n<meta property=\"og:url\" content=\"https:\/\/educacion.udd.cl\/cima\/2024\/05\/02\/investigadora-de-cima-realiza-ponencias-internacionales-en-el-marco-de-catedra-unesco-subsede-udd-chile\/\" \/>\n<meta property=\"og:site_name\" content=\"CIMA\" \/>\n<meta property=\"article:published_time\" content=\"2024-05-02T15:45:49+00:00\" \/>\n<meta property=\"article:modified_time\" content=\"2024-05-23T15:51:57+00:00\" \/>\n<meta property=\"og:image\" content=\"http:\/\/educacion.udd.cl\/cima\/files\/2024\/03\/equipo-udd196-scaled.jpg\" \/>\n\t<meta property=\"og:image:width\" content=\"1703\" \/>\n\t<meta property=\"og:image:height\" content=\"2560\" \/>\n\t<meta property=\"og:image:type\" content=\"image\/jpeg\" \/>\n<meta name=\"author\" content=\"claudiagodia\" \/>\n<meta name=\"twitter:card\" content=\"summary_large_image\" \/>\n<meta name=\"twitter:label1\" content=\"Escrito por\" \/>\n\t<meta name=\"twitter:data1\" content=\"claudiagodia\" \/>\n\t<meta name=\"twitter:label2\" content=\"Tiempo de lectura\" \/>\n\t<meta name=\"twitter:data2\" content=\"3 minutos\" \/>\n<script type=\"application\/ld+json\" class=\"yoast-schema-graph\">{\"@context\":\"https:\/\/schema.org\",\"@graph\":[{\"@type\":\"Article\",\"@id\":\"https:\/\/educacion.udd.cl\/cima\/2024\/05\/02\/investigadora-de-cima-realiza-ponencias-internacionales-en-el-marco-de-catedra-unesco-subsede-udd-chile\/#article\",\"isPartOf\":{\"@id\":\"https:\/\/educacion.udd.cl\/cima\/2024\/05\/02\/investigadora-de-cima-realiza-ponencias-internacionales-en-el-marco-de-catedra-unesco-subsede-udd-chile\/\"},\"author\":{\"name\":\"claudiagodia\",\"@id\":\"https:\/\/educacion.udd.cl\/cima\/#\/schema\/person\/3aefcae87945fe9ede94cc7f7cb5c1a7\"},\"headline\":\"Investigadora de CIMA realiza ponencias internacionales en el marco de C\u00e1tedra Unesco, Subsede UDD-Chile\",\"datePublished\":\"2024-05-02T15:45:49+00:00\",\"dateModified\":\"2024-05-23T15:51:57+00:00\",\"mainEntityOfPage\":{\"@id\":\"https:\/\/educacion.udd.cl\/cima\/2024\/05\/02\/investigadora-de-cima-realiza-ponencias-internacionales-en-el-marco-de-catedra-unesco-subsede-udd-chile\/\"},\"wordCount\":496,\"image\":{\"@id\":\"https:\/\/educacion.udd.cl\/cima\/2024\/05\/02\/investigadora-de-cima-realiza-ponencias-internacionales-en-el-marco-de-catedra-unesco-subsede-udd-chile\/#primaryimage\"},\"thumbnailUrl\":\"https:\/\/educacion.udd.cl\/cima\/files\/2024\/03\/equipo-udd196-scaled.jpg\",\"articleSection\":[\"noticias\"],\"inLanguage\":\"es\"},{\"@type\":\"WebPage\",\"@id\":\"https:\/\/educacion.udd.cl\/cima\/2024\/05\/02\/investigadora-de-cima-realiza-ponencias-internacionales-en-el-marco-de-catedra-unesco-subsede-udd-chile\/\",\"url\":\"https:\/\/educacion.udd.cl\/cima\/2024\/05\/02\/investigadora-de-cima-realiza-ponencias-internacionales-en-el-marco-de-catedra-unesco-subsede-udd-chile\/\",\"name\":\"Investigadora de CIMA realiza ponencias internacionales en el marco de C\u00e1tedra Unesco, Subsede UDD-Chile - CIMA\",\"isPartOf\":{\"@id\":\"https:\/\/educacion.udd.cl\/cima\/#website\"},\"primaryImageOfPage\":{\"@id\":\"https:\/\/educacion.udd.cl\/cima\/2024\/05\/02\/investigadora-de-cima-realiza-ponencias-internacionales-en-el-marco-de-catedra-unesco-subsede-udd-chile\/#primaryimage\"},\"image\":{\"@id\":\"https:\/\/educacion.udd.cl\/cima\/2024\/05\/02\/investigadora-de-cima-realiza-ponencias-internacionales-en-el-marco-de-catedra-unesco-subsede-udd-chile\/#primaryimage\"},\"thumbnailUrl\":\"https:\/\/educacion.udd.cl\/cima\/files\/2024\/03\/equipo-udd196-scaled.jpg\",\"datePublished\":\"2024-05-02T15:45:49+00:00\",\"dateModified\":\"2024-05-23T15:51:57+00:00\",\"author\":{\"@id\":\"https:\/\/educacion.udd.cl\/cima\/#\/schema\/person\/3aefcae87945fe9ede94cc7f7cb5c1a7\"},\"breadcrumb\":{\"@id\":\"https:\/\/educacion.udd.cl\/cima\/2024\/05\/02\/investigadora-de-cima-realiza-ponencias-internacionales-en-el-marco-de-catedra-unesco-subsede-udd-chile\/#breadcrumb\"},\"inLanguage\":\"es\",\"potentialAction\":[{\"@type\":\"ReadAction\",\"target\":[\"https:\/\/educacion.udd.cl\/cima\/2024\/05\/02\/investigadora-de-cima-realiza-ponencias-internacionales-en-el-marco-de-catedra-unesco-subsede-udd-chile\/\"]}]},{\"@type\":\"ImageObject\",\"inLanguage\":\"es\",\"@id\":\"https:\/\/educacion.udd.cl\/cima\/2024\/05\/02\/investigadora-de-cima-realiza-ponencias-internacionales-en-el-marco-de-catedra-unesco-subsede-udd-chile\/#primaryimage\",\"url\":\"https:\/\/educacion.udd.cl\/cima\/files\/2024\/03\/equipo-udd196-scaled.jpg\",\"contentUrl\":\"https:\/\/educacion.udd.cl\/cima\/files\/2024\/03\/equipo-udd196-scaled.jpg\",\"width\":1703,\"height\":2560},{\"@type\":\"BreadcrumbList\",\"@id\":\"https:\/\/educacion.udd.cl\/cima\/2024\/05\/02\/investigadora-de-cima-realiza-ponencias-internacionales-en-el-marco-de-catedra-unesco-subsede-udd-chile\/#breadcrumb\",\"itemListElement\":[{\"@type\":\"ListItem\",\"position\":1,\"name\":\"Portada\",\"item\":\"https:\/\/educacion.udd.cl\/cima\/\"},{\"@type\":\"ListItem\",\"position\":2,\"name\":\"Investigadora de CIMA realiza ponencias internacionales en el marco de C\u00e1tedra Unesco, Subsede UDD-Chile\"}]},{\"@type\":\"WebSite\",\"@id\":\"https:\/\/educacion.udd.cl\/cima\/#website\",\"url\":\"https:\/\/educacion.udd.cl\/cima\/\",\"name\":\"CIMA\",\"description\":\"\",\"inLanguage\":\"es\"},{\"@type\":\"Person\",\"@id\":\"https:\/\/educacion.udd.cl\/cima\/#\/schema\/person\/3aefcae87945fe9ede94cc7f7cb5c1a7\",\"name\":\"claudiagodia\",\"image\":{\"@type\":\"ImageObject\",\"inLanguage\":\"es\",\"@id\":\"https:\/\/educacion.udd.cl\/cima\/#\/schema\/person\/image\/\",\"url\":\"https:\/\/secure.gravatar.com\/avatar\/c7c585f20c9cd5b1fc8956abfd060f1af449288eb4e630466a5a53a84641a9ca?s=96&d=mm&r=g\",\"contentUrl\":\"https:\/\/secure.gravatar.com\/avatar\/c7c585f20c9cd5b1fc8956abfd060f1af449288eb4e630466a5a53a84641a9ca?s=96&d=mm&r=g\",\"caption\":\"claudiagodia\"},\"url\":\"https:\/\/educacion.udd.cl\/cima\/author\/claudiagodia\/\"}]}<\/script>\n<!-- \/ Yoast SEO plugin. -->","yoast_head_json":{"title":"Investigadora de CIMA realiza ponencias internacionales en el marco de C\u00e1tedra Unesco, Subsede UDD-Chile - CIMA","robots":{"index":"index","follow":"follow","max-snippet":"max-snippet:-1","max-image-preview":"max-image-preview:large","max-video-preview":"max-video-preview:-1"},"canonical":"https:\/\/educacion.udd.cl\/cima\/2024\/05\/02\/investigadora-de-cima-realiza-ponencias-internacionales-en-el-marco-de-catedra-unesco-subsede-udd-chile\/","og_locale":"es_ES","og_type":"article","og_title":"Investigadora de CIMA realiza ponencias internacionales en el marco de C\u00e1tedra Unesco, Subsede UDD-Chile - CIMA","og_description":"El prop\u00f3sito de la C\u00e1tedra Unesco est\u00e1 orientado a la alfabetizaci\u00f3n acad\u00e9mica, facilitando a estudiantes y docentes estrategias que les permitan acercarse de mejor manera a las formas de escribir tanto en la universidad, en el \u00e1mbito cient\u00edfico, y particularmente en el \u00e1mbito disciplinar. Con el objetivo de potenciar las acciones que realiza la Facultad [&hellip;]","og_url":"https:\/\/educacion.udd.cl\/cima\/2024\/05\/02\/investigadora-de-cima-realiza-ponencias-internacionales-en-el-marco-de-catedra-unesco-subsede-udd-chile\/","og_site_name":"CIMA","article_published_time":"2024-05-02T15:45:49+00:00","article_modified_time":"2024-05-23T15:51:57+00:00","og_image":[{"width":1703,"height":2560,"url":"http:\/\/educacion.udd.cl\/cima\/files\/2024\/03\/equipo-udd196-scaled.jpg","type":"image\/jpeg"}],"author":"claudiagodia","twitter_card":"summary_large_image","twitter_misc":{"Escrito por":"claudiagodia","Tiempo de lectura":"3 minutos"},"schema":{"@context":"https:\/\/schema.org","@graph":[{"@type":"Article","@id":"https:\/\/educacion.udd.cl\/cima\/2024\/05\/02\/investigadora-de-cima-realiza-ponencias-internacionales-en-el-marco-de-catedra-unesco-subsede-udd-chile\/#article","isPartOf":{"@id":"https:\/\/educacion.udd.cl\/cima\/2024\/05\/02\/investigadora-de-cima-realiza-ponencias-internacionales-en-el-marco-de-catedra-unesco-subsede-udd-chile\/"},"author":{"name":"claudiagodia","@id":"https:\/\/educacion.udd.cl\/cima\/#\/schema\/person\/3aefcae87945fe9ede94cc7f7cb5c1a7"},"headline":"Investigadora de CIMA realiza ponencias internacionales en el marco de C\u00e1tedra Unesco, Subsede UDD-Chile","datePublished":"2024-05-02T15:45:49+00:00","dateModified":"2024-05-23T15:51:57+00:00","mainEntityOfPage":{"@id":"https:\/\/educacion.udd.cl\/cima\/2024\/05\/02\/investigadora-de-cima-realiza-ponencias-internacionales-en-el-marco-de-catedra-unesco-subsede-udd-chile\/"},"wordCount":496,"image":{"@id":"https:\/\/educacion.udd.cl\/cima\/2024\/05\/02\/investigadora-de-cima-realiza-ponencias-internacionales-en-el-marco-de-catedra-unesco-subsede-udd-chile\/#primaryimage"},"thumbnailUrl":"https:\/\/educacion.udd.cl\/cima\/files\/2024\/03\/equipo-udd196-scaled.jpg","articleSection":["noticias"],"inLanguage":"es"},{"@type":"WebPage","@id":"https:\/\/educacion.udd.cl\/cima\/2024\/05\/02\/investigadora-de-cima-realiza-ponencias-internacionales-en-el-marco-de-catedra-unesco-subsede-udd-chile\/","url":"https:\/\/educacion.udd.cl\/cima\/2024\/05\/02\/investigadora-de-cima-realiza-ponencias-internacionales-en-el-marco-de-catedra-unesco-subsede-udd-chile\/","name":"Investigadora de CIMA realiza ponencias internacionales en el marco de C\u00e1tedra Unesco, Subsede UDD-Chile - CIMA","isPartOf":{"@id":"https:\/\/educacion.udd.cl\/cima\/#website"},"primaryImageOfPage":{"@id":"https:\/\/educacion.udd.cl\/cima\/2024\/05\/02\/investigadora-de-cima-realiza-ponencias-internacionales-en-el-marco-de-catedra-unesco-subsede-udd-chile\/#primaryimage"},"image":{"@id":"https:\/\/educacion.udd.cl\/cima\/2024\/05\/02\/investigadora-de-cima-realiza-ponencias-internacionales-en-el-marco-de-catedra-unesco-subsede-udd-chile\/#primaryimage"},"thumbnailUrl":"https:\/\/educacion.udd.cl\/cima\/files\/2024\/03\/equipo-udd196-scaled.jpg","datePublished":"2024-05-02T15:45:49+00:00","dateModified":"2024-05-23T15:51:57+00:00","author":{"@id":"https:\/\/educacion.udd.cl\/cima\/#\/schema\/person\/3aefcae87945fe9ede94cc7f7cb5c1a7"},"breadcrumb":{"@id":"https:\/\/educacion.udd.cl\/cima\/2024\/05\/02\/investigadora-de-cima-realiza-ponencias-internacionales-en-el-marco-de-catedra-unesco-subsede-udd-chile\/#breadcrumb"},"inLanguage":"es","potentialAction":[{"@type":"ReadAction","target":["https:\/\/educacion.udd.cl\/cima\/2024\/05\/02\/investigadora-de-cima-realiza-ponencias-internacionales-en-el-marco-de-catedra-unesco-subsede-udd-chile\/"]}]},{"@type":"ImageObject","inLanguage":"es","@id":"https:\/\/educacion.udd.cl\/cima\/2024\/05\/02\/investigadora-de-cima-realiza-ponencias-internacionales-en-el-marco-de-catedra-unesco-subsede-udd-chile\/#primaryimage","url":"https:\/\/educacion.udd.cl\/cima\/files\/2024\/03\/equipo-udd196-scaled.jpg","contentUrl":"https:\/\/educacion.udd.cl\/cima\/files\/2024\/03\/equipo-udd196-scaled.jpg","width":1703,"height":2560},{"@type":"BreadcrumbList","@id":"https:\/\/educacion.udd.cl\/cima\/2024\/05\/02\/investigadora-de-cima-realiza-ponencias-internacionales-en-el-marco-de-catedra-unesco-subsede-udd-chile\/#breadcrumb","itemListElement":[{"@type":"ListItem","position":1,"name":"Portada","item":"https:\/\/educacion.udd.cl\/cima\/"},{"@type":"ListItem","position":2,"name":"Investigadora de CIMA realiza ponencias internacionales en el marco de C\u00e1tedra Unesco, Subsede UDD-Chile"}]},{"@type":"WebSite","@id":"https:\/\/educacion.udd.cl\/cima\/#website","url":"https:\/\/educacion.udd.cl\/cima\/","name":"CIMA","description":"","inLanguage":"es"},{"@type":"Person","@id":"https:\/\/educacion.udd.cl\/cima\/#\/schema\/person\/3aefcae87945fe9ede94cc7f7cb5c1a7","name":"claudiagodia","image":{"@type":"ImageObject","inLanguage":"es","@id":"https:\/\/educacion.udd.cl\/cima\/#\/schema\/person\/image\/","url":"https:\/\/secure.gravatar.com\/avatar\/c7c585f20c9cd5b1fc8956abfd060f1af449288eb4e630466a5a53a84641a9ca?s=96&d=mm&r=g","contentUrl":"https:\/\/secure.gravatar.com\/avatar\/c7c585f20c9cd5b1fc8956abfd060f1af449288eb4e630466a5a53a84641a9ca?s=96&d=mm&r=g","caption":"claudiagodia"},"url":"https:\/\/educacion.udd.cl\/cima\/author\/claudiagodia\/"}]}},"featured_image_url":"https:\/\/educacion.udd.cl\/cima\/files\/2024\/03\/equipo-udd196-scaled.jpg","_links":{"self":[{"href":"https:\/\/educacion.udd.cl\/cima\/wp-json\/wp\/v2\/posts\/541","targetHints":{"allow":["GET"]}}],"collection":[{"href":"https:\/\/educacion.udd.cl\/cima\/wp-json\/wp\/v2\/posts"}],"about":[{"href":"https:\/\/educacion.udd.cl\/cima\/wp-json\/wp\/v2\/types\/post"}],"author":[{"embeddable":true,"href":"https:\/\/educacion.udd.cl\/cima\/wp-json\/wp\/v2\/users\/39"}],"replies":[{"embeddable":true,"href":"https:\/\/educacion.udd.cl\/cima\/wp-json\/wp\/v2\/comments?post=541"}],"version-history":[{"count":1,"href":"https:\/\/educacion.udd.cl\/cima\/wp-json\/wp\/v2\/posts\/541\/revisions"}],"predecessor-version":[{"id":550,"href":"https:\/\/educacion.udd.cl\/cima\/wp-json\/wp\/v2\/posts\/541\/revisions\/550"}],"wp:featuredmedia":[{"embeddable":true,"href":"https:\/\/educacion.udd.cl\/cima\/wp-json\/wp\/v2\/media\/246"}],"wp:attachment":[{"href":"https:\/\/educacion.udd.cl\/cima\/wp-json\/wp\/v2\/media?parent=541"}],"wp:term":[{"taxonomy":"category","embeddable":true,"href":"https:\/\/educacion.udd.cl\/cima\/wp-json\/wp\/v2\/categories?post=541"},{"taxonomy":"post_tag","embeddable":true,"href":"https:\/\/educacion.udd.cl\/cima\/wp-json\/wp\/v2\/tags?post=541"}],"curies":[{"name":"wp","href":"https:\/\/api.w.org\/{rel}","templated":true}]}}