{"id":387,"date":"2024-04-17T10:03:09","date_gmt":"2024-04-17T14:03:09","guid":{"rendered":"https:\/\/educacion.udd.cl\/cima\/?p=387"},"modified":"2024-04-29T10:04:43","modified_gmt":"2024-04-29T14:04:43","slug":"academico-internacional-da-inicio-a-primera-version-del-diplomado-cuerpo-juego-y-movimiento-aportes-en-psicomotricidad","status":"publish","type":"post","link":"https:\/\/educacion.udd.cl\/cima\/2024\/04\/17\/academico-internacional-da-inicio-a-primera-version-del-diplomado-cuerpo-juego-y-movimiento-aportes-en-psicomotricidad\/","title":{"rendered":"Acad\u00e9mico internacional da inicio a primera versi\u00f3n del Diplomado Cuerpo, juego y movimiento: Aportes en Psicomotricidad"},"content":{"rendered":"\n<p><em>El licenciado en psicomotricidad y Doctor en Educaci\u00f3n, Dr. Juan Mila, adem\u00e1s particip\u00f3 en un conversatorio en la Municipalidad de El Bosque, promoviendo diferentes proyectos e iniciativas de psicomotricidad e infancias que se realizan en nuestro pa\u00eds.<\/em><\/p>\n\n\n\n<p>En el marco del inicio del Diplomado Cuerpo, juego y movimiento: aportes en psicomotricidad, la Facultad de Educaci\u00f3n de la Universidad del Desarrollo invit\u00f3 al acad\u00e9mico de la Universidad de la Rep\u00fablica de Uruguay, Dr. Juan Mila, a realizar la primera sesi\u00f3n de este programa, con una clase te\u00f3rico-pr\u00e1ctica de psicomotricidad.<\/p>\n\n\n\n<p>De esta manera, los participantes del programa tuvieron la oportunidad de asistir a la clase te\u00f3rica, para luego ser parte de un taller de formaci\u00f3n corporal al aire libre. <strong>\u201cEsta actividad y la visita del Dr. Mila marca un precedente de la psicomotricidad entendida como una disciplina\u201d, explica la directora del programa e investigadora del Centro de Investigaci\u00f3n para la Mejora de los Aprendizajes (CIMA), Josefina Larra\u00edn, agregando que \u201cpara nuestro diplomado, estamos trabajando con acad\u00e9micos y psicomotricistas de amplia trayectoria, reconocidos en el rubro, que posicionan esta disciplina con una alta relevancia en el quehacer educativo\u201d.<\/strong><\/p>\n\n\n<section class=\"wp-block-udd-gallery-carousel wp-carousel-gallery\">\n\t<div class=\"container\">\n\t\t<div\n\t\t\tclass=\"slick-carousel gallery-slick-carousel gallery-carousel--1\"\n\t\t\tdata-slick='{&quot;slidesToScroll&quot;:1,&quot;slidesToShow&quot;:1,&quot;appendDots&quot;:&quot;#dots-69f71aff46fe3&quot;,&quot;prevArrow&quot;:&quot;&lt;button type=\\&quot;button\\&quot; class=\\&quot;btn btn-primary slick-prev\\&quot;&gt;&lt;svg class=\\&quot;svg-chevron-left-dims\\&quot;&gt;&lt;use xlink:href=&#039;https:\\\/\\\/educacion.udd.cl\\\/cima\\\/wp-content\\\/themes\\\/facultades-2018\\\/assets\\\/img\\\/svg\\\/dist\\\/main.svg?version=1695853099#chevron-left&#039;&gt;&lt;\\\/use&gt;&lt;\\\/svg&gt;&lt;span class=\\&quot;sr-only\\&quot;&gt;Anterior&lt;\\\/span&gt;&lt;\\\/button&gt;&quot;,&quot;nextArrow&quot;:&quot;&lt;button type=\\&quot;button\\&quot; class=\\&quot;btn btn-primary slick-next\\&quot;&gt;&lt;svg class=\\&quot;svg-chevron-right-dims\\&quot;&gt;&lt;use xlink:href=&#039;https:\\\/\\\/educacion.udd.cl\\\/cima\\\/wp-content\\\/themes\\\/facultades-2018\\\/assets\\\/img\\\/svg\\\/dist\\\/main.svg?version=1695853099#chevron-right&#039;&gt;&lt;\\\/use&gt;&lt;\\\/svg&gt;&lt;span class=\\&quot;sr-only\\&quot;&gt;Siguiente&lt;\\\/span&gt;&lt;\\\/button&gt;&quot;,&quot;infinite&quot;:true,&quot;dots&quot;:true}'\n\t\t>\n\t\t\t\t\t\t\t<figure>\n\t\t\t\t\t<img loading=\"lazy\" decoding=\"async\" width=\"960\" height=\"720\" src=\"https:\/\/educacion.udd.cl\/cima\/wp-content\/plugins\/wp-async-img-load\/blank.png\" class=\"attachment-1280x720 size-1280x720 lazyload\" alt=\"\" sizes=\"auto, (max-width: 960px) 100vw, 960px\" data-src=\"https:\/\/educacion.udd.cl\/cima\/files\/2024\/04\/whatsapp-image-2024-04-24-at-11-26-01-11.jpeg\" data-srcset=\"https:\/\/educacion.udd.cl\/cima\/files\/2024\/04\/whatsapp-image-2024-04-24-at-11-26-01-11.jpeg 1280w, https:\/\/educacion.udd.cl\/cima\/files\/2024\/04\/whatsapp-image-2024-04-24-at-11-26-01-11-300x225.jpeg 300w, https:\/\/educacion.udd.cl\/cima\/files\/2024\/04\/whatsapp-image-2024-04-24-at-11-26-01-11-1024x768.jpeg 1024w, https:\/\/educacion.udd.cl\/cima\/files\/2024\/04\/whatsapp-image-2024-04-24-at-11-26-01-11-768x576.jpeg 768w\" \/>\t\t\t\t\t\t\t\t\t<\/figure>\n\t\t\t\t\t\t\t<figure>\n\t\t\t\t\t<img loading=\"lazy\" decoding=\"async\" width=\"1280\" height=\"720\" src=\"https:\/\/educacion.udd.cl\/cima\/wp-content\/plugins\/wp-async-img-load\/blank.png\" class=\"attachment-1280x720 size-1280x720 lazyload\" alt=\"\" sizes=\"auto, (max-width: 1280px) 100vw, 1280px\" data-src=\"https:\/\/educacion.udd.cl\/cima\/files\/2024\/04\/whatsapp-image-2024-04-24-at-11-26-01-4.jpeg\" data-srcset=\"https:\/\/educacion.udd.cl\/cima\/files\/2024\/04\/whatsapp-image-2024-04-24-at-11-26-01-4.jpeg 1280w, https:\/\/educacion.udd.cl\/cima\/files\/2024\/04\/whatsapp-image-2024-04-24-at-11-26-01-4-300x169.jpeg 300w, https:\/\/educacion.udd.cl\/cima\/files\/2024\/04\/whatsapp-image-2024-04-24-at-11-26-01-4-1024x576.jpeg 1024w, https:\/\/educacion.udd.cl\/cima\/files\/2024\/04\/whatsapp-image-2024-04-24-at-11-26-01-4-768x432.jpeg 768w, https:\/\/educacion.udd.cl\/cima\/files\/2024\/04\/whatsapp-image-2024-04-24-at-11-26-01-4-680x382.jpeg 680w\" \/>\t\t\t\t\t\t\t\t\t<\/figure>\n\t\t\t\t\t\t\t<figure>\n\t\t\t\t\t<img loading=\"lazy\" decoding=\"async\" width=\"1280\" height=\"720\" src=\"https:\/\/educacion.udd.cl\/cima\/wp-content\/plugins\/wp-async-img-load\/blank.png\" class=\"attachment-1280x720 size-1280x720 lazyload\" alt=\"\" sizes=\"auto, (max-width: 1280px) 100vw, 1280px\" data-src=\"https:\/\/educacion.udd.cl\/cima\/files\/2024\/04\/whatsapp-image-2024-04-24-at-11-26-01-8.jpeg\" data-srcset=\"https:\/\/educacion.udd.cl\/cima\/files\/2024\/04\/whatsapp-image-2024-04-24-at-11-26-01-8.jpeg 1280w, https:\/\/educacion.udd.cl\/cima\/files\/2024\/04\/whatsapp-image-2024-04-24-at-11-26-01-8-300x169.jpeg 300w, https:\/\/educacion.udd.cl\/cima\/files\/2024\/04\/whatsapp-image-2024-04-24-at-11-26-01-8-1024x576.jpeg 1024w, https:\/\/educacion.udd.cl\/cima\/files\/2024\/04\/whatsapp-image-2024-04-24-at-11-26-01-8-768x432.jpeg 768w, https:\/\/educacion.udd.cl\/cima\/files\/2024\/04\/whatsapp-image-2024-04-24-at-11-26-01-8-680x382.jpeg 680w\" \/>\t\t\t\t\t\t\t\t\t<\/figure>\n\t\t\t\t\t<\/div>\n\t\t<div\n\t\t\tclass=\"carousel-gallery--carousel-dots\"\n\t\t\tid=\"dots-69f71aff46fe3\"\n\t\t><\/div>\n\t<\/div>\n<\/section>\n\n\n\n<p>Adem\u00e1s de su clase inaugural, durante su estad\u00eda, el acad\u00e9mico uruguayo particip\u00f3 junto a parte del cuerpo docente del diplomado, en el Conversatorio Internacional \u00abLa Psicomotricidad, un sost\u00e9n para las infancias\u00bb, actividad realizada para la Municipalidad de El Bosque, donde participaron profesionales tanto de salud como educaci\u00f3n con el objetivo de generar espacios de conversaci\u00f3n e intercambio de experiencias en distintos espacios comunales. Asimismo, tambi\u00e9n tuvieron la oportunidad de profundizar en los avances de la primera fase del proyecto FONIS de la Facultad de Educaci\u00f3n UDD, titulado \u00abEfectividad de la Terapia Parental Apoyada con psicomotricidad cl\u00ednica en la autorregulaci\u00f3n de ni\u00f1os y ni\u00f1as con sobrepeso u obesidad infantil para incrementar h\u00e1bitos saludables\u00bb.<\/p>\n","protected":false},"excerpt":{"rendered":"<p>El licenciado en psicomotricidad y Doctor en Educaci\u00f3n, Dr. Juan Mila, adem\u00e1s particip\u00f3 en un conversatorio en la Municipalidad de El Bosque, promoviendo diferentes proyectos e iniciativas de psicomotricidad e infancias que se realizan en nuestro pa\u00eds. En el marco del inicio del Diplomado Cuerpo, juego y movimiento: aportes en psicomotricidad, la Facultad de Educaci\u00f3n [&hellip;]<\/p>\n","protected":false},"author":39,"featured_media":390,"comment_status":"closed","ping_status":"open","sticky":false,"template":"","format":"standard","meta":{"footnotes":""},"categories":[9],"tags":[],"class_list":["post-387","post","type-post","status-publish","format-standard","has-post-thumbnail","hentry","category-noticias"],"yoast_head":"<!-- This site is optimized with the Yoast SEO plugin v26.9 - https:\/\/yoast.com\/product\/yoast-seo-wordpress\/ -->\n<title>Acad\u00e9mico internacional da inicio a primera versi\u00f3n del Diplomado Cuerpo, juego y movimiento: Aportes en Psicomotricidad - CIMA<\/title>\n<meta name=\"robots\" content=\"index, follow, max-snippet:-1, max-image-preview:large, max-video-preview:-1\" \/>\n<link rel=\"canonical\" href=\"https:\/\/educacion.udd.cl\/cima\/2024\/04\/17\/academico-internacional-da-inicio-a-primera-version-del-diplomado-cuerpo-juego-y-movimiento-aportes-en-psicomotricidad\/\" \/>\n<meta property=\"og:locale\" content=\"es_ES\" \/>\n<meta property=\"og:type\" content=\"article\" \/>\n<meta property=\"og:title\" content=\"Acad\u00e9mico internacional da inicio a primera versi\u00f3n del Diplomado Cuerpo, juego y movimiento: Aportes en Psicomotricidad - CIMA\" \/>\n<meta property=\"og:description\" content=\"El licenciado en psicomotricidad y Doctor en Educaci\u00f3n, Dr. Juan Mila, adem\u00e1s particip\u00f3 en un conversatorio en la Municipalidad de El Bosque, promoviendo diferentes proyectos e iniciativas de psicomotricidad e infancias que se realizan en nuestro pa\u00eds. En el marco del inicio del Diplomado Cuerpo, juego y movimiento: aportes en psicomotricidad, la Facultad de Educaci\u00f3n [&hellip;]\" \/>\n<meta property=\"og:url\" content=\"https:\/\/educacion.udd.cl\/cima\/2024\/04\/17\/academico-internacional-da-inicio-a-primera-version-del-diplomado-cuerpo-juego-y-movimiento-aportes-en-psicomotricidad\/\" \/>\n<meta property=\"og:site_name\" content=\"CIMA\" \/>\n<meta property=\"article:published_time\" content=\"2024-04-17T14:03:09+00:00\" \/>\n<meta property=\"article:modified_time\" content=\"2024-04-29T14:04:43+00:00\" \/>\n<meta property=\"og:image\" content=\"http:\/\/educacion.udd.cl\/cima\/files\/2024\/04\/whatsapp-image-2024-04-24-at-11-26-01-11.jpeg\" \/>\n\t<meta property=\"og:image:width\" content=\"1280\" \/>\n\t<meta property=\"og:image:height\" content=\"960\" \/>\n\t<meta property=\"og:image:type\" content=\"image\/jpeg\" \/>\n<meta name=\"author\" content=\"claudiagodia\" \/>\n<meta name=\"twitter:card\" content=\"summary_large_image\" \/>\n<meta name=\"twitter:label1\" content=\"Escrito por\" \/>\n\t<meta name=\"twitter:data1\" content=\"claudiagodia\" \/>\n\t<meta name=\"twitter:label2\" content=\"Tiempo de lectura\" \/>\n\t<meta name=\"twitter:data2\" content=\"3 minutos\" \/>\n<script type=\"application\/ld+json\" class=\"yoast-schema-graph\">{\"@context\":\"https:\/\/schema.org\",\"@graph\":[{\"@type\":\"Article\",\"@id\":\"https:\/\/educacion.udd.cl\/cima\/2024\/04\/17\/academico-internacional-da-inicio-a-primera-version-del-diplomado-cuerpo-juego-y-movimiento-aportes-en-psicomotricidad\/#article\",\"isPartOf\":{\"@id\":\"https:\/\/educacion.udd.cl\/cima\/2024\/04\/17\/academico-internacional-da-inicio-a-primera-version-del-diplomado-cuerpo-juego-y-movimiento-aportes-en-psicomotricidad\/\"},\"author\":{\"name\":\"claudiagodia\",\"@id\":\"https:\/\/educacion.udd.cl\/cima\/#\/schema\/person\/3aefcae87945fe9ede94cc7f7cb5c1a7\"},\"headline\":\"Acad\u00e9mico internacional da inicio a primera versi\u00f3n del Diplomado Cuerpo, juego y movimiento: Aportes en Psicomotricidad\",\"datePublished\":\"2024-04-17T14:03:09+00:00\",\"dateModified\":\"2024-04-29T14:04:43+00:00\",\"mainEntityOfPage\":{\"@id\":\"https:\/\/educacion.udd.cl\/cima\/2024\/04\/17\/academico-internacional-da-inicio-a-primera-version-del-diplomado-cuerpo-juego-y-movimiento-aportes-en-psicomotricidad\/\"},\"wordCount\":342,\"image\":{\"@id\":\"https:\/\/educacion.udd.cl\/cima\/2024\/04\/17\/academico-internacional-da-inicio-a-primera-version-del-diplomado-cuerpo-juego-y-movimiento-aportes-en-psicomotricidad\/#primaryimage\"},\"thumbnailUrl\":\"https:\/\/educacion.udd.cl\/cima\/files\/2024\/04\/whatsapp-image-2024-04-24-at-11-26-01-11.jpeg\",\"articleSection\":[\"noticias\"],\"inLanguage\":\"es\"},{\"@type\":\"WebPage\",\"@id\":\"https:\/\/educacion.udd.cl\/cima\/2024\/04\/17\/academico-internacional-da-inicio-a-primera-version-del-diplomado-cuerpo-juego-y-movimiento-aportes-en-psicomotricidad\/\",\"url\":\"https:\/\/educacion.udd.cl\/cima\/2024\/04\/17\/academico-internacional-da-inicio-a-primera-version-del-diplomado-cuerpo-juego-y-movimiento-aportes-en-psicomotricidad\/\",\"name\":\"Acad\u00e9mico internacional da inicio a primera versi\u00f3n del Diplomado Cuerpo, juego y movimiento: Aportes en Psicomotricidad - CIMA\",\"isPartOf\":{\"@id\":\"https:\/\/educacion.udd.cl\/cima\/#website\"},\"primaryImageOfPage\":{\"@id\":\"https:\/\/educacion.udd.cl\/cima\/2024\/04\/17\/academico-internacional-da-inicio-a-primera-version-del-diplomado-cuerpo-juego-y-movimiento-aportes-en-psicomotricidad\/#primaryimage\"},\"image\":{\"@id\":\"https:\/\/educacion.udd.cl\/cima\/2024\/04\/17\/academico-internacional-da-inicio-a-primera-version-del-diplomado-cuerpo-juego-y-movimiento-aportes-en-psicomotricidad\/#primaryimage\"},\"thumbnailUrl\":\"https:\/\/educacion.udd.cl\/cima\/files\/2024\/04\/whatsapp-image-2024-04-24-at-11-26-01-11.jpeg\",\"datePublished\":\"2024-04-17T14:03:09+00:00\",\"dateModified\":\"2024-04-29T14:04:43+00:00\",\"author\":{\"@id\":\"https:\/\/educacion.udd.cl\/cima\/#\/schema\/person\/3aefcae87945fe9ede94cc7f7cb5c1a7\"},\"breadcrumb\":{\"@id\":\"https:\/\/educacion.udd.cl\/cima\/2024\/04\/17\/academico-internacional-da-inicio-a-primera-version-del-diplomado-cuerpo-juego-y-movimiento-aportes-en-psicomotricidad\/#breadcrumb\"},\"inLanguage\":\"es\",\"potentialAction\":[{\"@type\":\"ReadAction\",\"target\":[\"https:\/\/educacion.udd.cl\/cima\/2024\/04\/17\/academico-internacional-da-inicio-a-primera-version-del-diplomado-cuerpo-juego-y-movimiento-aportes-en-psicomotricidad\/\"]}]},{\"@type\":\"ImageObject\",\"inLanguage\":\"es\",\"@id\":\"https:\/\/educacion.udd.cl\/cima\/2024\/04\/17\/academico-internacional-da-inicio-a-primera-version-del-diplomado-cuerpo-juego-y-movimiento-aportes-en-psicomotricidad\/#primaryimage\",\"url\":\"https:\/\/educacion.udd.cl\/cima\/files\/2024\/04\/whatsapp-image-2024-04-24-at-11-26-01-11.jpeg\",\"contentUrl\":\"https:\/\/educacion.udd.cl\/cima\/files\/2024\/04\/whatsapp-image-2024-04-24-at-11-26-01-11.jpeg\",\"width\":1280,\"height\":960},{\"@type\":\"BreadcrumbList\",\"@id\":\"https:\/\/educacion.udd.cl\/cima\/2024\/04\/17\/academico-internacional-da-inicio-a-primera-version-del-diplomado-cuerpo-juego-y-movimiento-aportes-en-psicomotricidad\/#breadcrumb\",\"itemListElement\":[{\"@type\":\"ListItem\",\"position\":1,\"name\":\"Portada\",\"item\":\"https:\/\/educacion.udd.cl\/cima\/\"},{\"@type\":\"ListItem\",\"position\":2,\"name\":\"Acad\u00e9mico internacional da inicio a primera versi\u00f3n del Diplomado Cuerpo, juego y movimiento: Aportes en Psicomotricidad\"}]},{\"@type\":\"WebSite\",\"@id\":\"https:\/\/educacion.udd.cl\/cima\/#website\",\"url\":\"https:\/\/educacion.udd.cl\/cima\/\",\"name\":\"CIMA\",\"description\":\"\",\"inLanguage\":\"es\"},{\"@type\":\"Person\",\"@id\":\"https:\/\/educacion.udd.cl\/cima\/#\/schema\/person\/3aefcae87945fe9ede94cc7f7cb5c1a7\",\"name\":\"claudiagodia\",\"image\":{\"@type\":\"ImageObject\",\"inLanguage\":\"es\",\"@id\":\"https:\/\/educacion.udd.cl\/cima\/#\/schema\/person\/image\/\",\"url\":\"https:\/\/secure.gravatar.com\/avatar\/c7c585f20c9cd5b1fc8956abfd060f1af449288eb4e630466a5a53a84641a9ca?s=96&d=mm&r=g\",\"contentUrl\":\"https:\/\/secure.gravatar.com\/avatar\/c7c585f20c9cd5b1fc8956abfd060f1af449288eb4e630466a5a53a84641a9ca?s=96&d=mm&r=g\",\"caption\":\"claudiagodia\"},\"url\":\"https:\/\/educacion.udd.cl\/cima\/author\/claudiagodia\/\"}]}<\/script>\n<!-- \/ Yoast SEO plugin. -->","yoast_head_json":{"title":"Acad\u00e9mico internacional da inicio a primera versi\u00f3n del Diplomado Cuerpo, juego y movimiento: Aportes en Psicomotricidad - CIMA","robots":{"index":"index","follow":"follow","max-snippet":"max-snippet:-1","max-image-preview":"max-image-preview:large","max-video-preview":"max-video-preview:-1"},"canonical":"https:\/\/educacion.udd.cl\/cima\/2024\/04\/17\/academico-internacional-da-inicio-a-primera-version-del-diplomado-cuerpo-juego-y-movimiento-aportes-en-psicomotricidad\/","og_locale":"es_ES","og_type":"article","og_title":"Acad\u00e9mico internacional da inicio a primera versi\u00f3n del Diplomado Cuerpo, juego y movimiento: Aportes en Psicomotricidad - CIMA","og_description":"El licenciado en psicomotricidad y Doctor en Educaci\u00f3n, Dr. Juan Mila, adem\u00e1s particip\u00f3 en un conversatorio en la Municipalidad de El Bosque, promoviendo diferentes proyectos e iniciativas de psicomotricidad e infancias que se realizan en nuestro pa\u00eds. En el marco del inicio del Diplomado Cuerpo, juego y movimiento: aportes en psicomotricidad, la Facultad de Educaci\u00f3n [&hellip;]","og_url":"https:\/\/educacion.udd.cl\/cima\/2024\/04\/17\/academico-internacional-da-inicio-a-primera-version-del-diplomado-cuerpo-juego-y-movimiento-aportes-en-psicomotricidad\/","og_site_name":"CIMA","article_published_time":"2024-04-17T14:03:09+00:00","article_modified_time":"2024-04-29T14:04:43+00:00","og_image":[{"width":1280,"height":960,"url":"http:\/\/educacion.udd.cl\/cima\/files\/2024\/04\/whatsapp-image-2024-04-24-at-11-26-01-11.jpeg","type":"image\/jpeg"}],"author":"claudiagodia","twitter_card":"summary_large_image","twitter_misc":{"Escrito por":"claudiagodia","Tiempo de lectura":"3 minutos"},"schema":{"@context":"https:\/\/schema.org","@graph":[{"@type":"Article","@id":"https:\/\/educacion.udd.cl\/cima\/2024\/04\/17\/academico-internacional-da-inicio-a-primera-version-del-diplomado-cuerpo-juego-y-movimiento-aportes-en-psicomotricidad\/#article","isPartOf":{"@id":"https:\/\/educacion.udd.cl\/cima\/2024\/04\/17\/academico-internacional-da-inicio-a-primera-version-del-diplomado-cuerpo-juego-y-movimiento-aportes-en-psicomotricidad\/"},"author":{"name":"claudiagodia","@id":"https:\/\/educacion.udd.cl\/cima\/#\/schema\/person\/3aefcae87945fe9ede94cc7f7cb5c1a7"},"headline":"Acad\u00e9mico internacional da inicio a primera versi\u00f3n del Diplomado Cuerpo, juego y movimiento: Aportes en Psicomotricidad","datePublished":"2024-04-17T14:03:09+00:00","dateModified":"2024-04-29T14:04:43+00:00","mainEntityOfPage":{"@id":"https:\/\/educacion.udd.cl\/cima\/2024\/04\/17\/academico-internacional-da-inicio-a-primera-version-del-diplomado-cuerpo-juego-y-movimiento-aportes-en-psicomotricidad\/"},"wordCount":342,"image":{"@id":"https:\/\/educacion.udd.cl\/cima\/2024\/04\/17\/academico-internacional-da-inicio-a-primera-version-del-diplomado-cuerpo-juego-y-movimiento-aportes-en-psicomotricidad\/#primaryimage"},"thumbnailUrl":"https:\/\/educacion.udd.cl\/cima\/files\/2024\/04\/whatsapp-image-2024-04-24-at-11-26-01-11.jpeg","articleSection":["noticias"],"inLanguage":"es"},{"@type":"WebPage","@id":"https:\/\/educacion.udd.cl\/cima\/2024\/04\/17\/academico-internacional-da-inicio-a-primera-version-del-diplomado-cuerpo-juego-y-movimiento-aportes-en-psicomotricidad\/","url":"https:\/\/educacion.udd.cl\/cima\/2024\/04\/17\/academico-internacional-da-inicio-a-primera-version-del-diplomado-cuerpo-juego-y-movimiento-aportes-en-psicomotricidad\/","name":"Acad\u00e9mico internacional da inicio a primera versi\u00f3n del Diplomado Cuerpo, juego y movimiento: Aportes en Psicomotricidad - CIMA","isPartOf":{"@id":"https:\/\/educacion.udd.cl\/cima\/#website"},"primaryImageOfPage":{"@id":"https:\/\/educacion.udd.cl\/cima\/2024\/04\/17\/academico-internacional-da-inicio-a-primera-version-del-diplomado-cuerpo-juego-y-movimiento-aportes-en-psicomotricidad\/#primaryimage"},"image":{"@id":"https:\/\/educacion.udd.cl\/cima\/2024\/04\/17\/academico-internacional-da-inicio-a-primera-version-del-diplomado-cuerpo-juego-y-movimiento-aportes-en-psicomotricidad\/#primaryimage"},"thumbnailUrl":"https:\/\/educacion.udd.cl\/cima\/files\/2024\/04\/whatsapp-image-2024-04-24-at-11-26-01-11.jpeg","datePublished":"2024-04-17T14:03:09+00:00","dateModified":"2024-04-29T14:04:43+00:00","author":{"@id":"https:\/\/educacion.udd.cl\/cima\/#\/schema\/person\/3aefcae87945fe9ede94cc7f7cb5c1a7"},"breadcrumb":{"@id":"https:\/\/educacion.udd.cl\/cima\/2024\/04\/17\/academico-internacional-da-inicio-a-primera-version-del-diplomado-cuerpo-juego-y-movimiento-aportes-en-psicomotricidad\/#breadcrumb"},"inLanguage":"es","potentialAction":[{"@type":"ReadAction","target":["https:\/\/educacion.udd.cl\/cima\/2024\/04\/17\/academico-internacional-da-inicio-a-primera-version-del-diplomado-cuerpo-juego-y-movimiento-aportes-en-psicomotricidad\/"]}]},{"@type":"ImageObject","inLanguage":"es","@id":"https:\/\/educacion.udd.cl\/cima\/2024\/04\/17\/academico-internacional-da-inicio-a-primera-version-del-diplomado-cuerpo-juego-y-movimiento-aportes-en-psicomotricidad\/#primaryimage","url":"https:\/\/educacion.udd.cl\/cima\/files\/2024\/04\/whatsapp-image-2024-04-24-at-11-26-01-11.jpeg","contentUrl":"https:\/\/educacion.udd.cl\/cima\/files\/2024\/04\/whatsapp-image-2024-04-24-at-11-26-01-11.jpeg","width":1280,"height":960},{"@type":"BreadcrumbList","@id":"https:\/\/educacion.udd.cl\/cima\/2024\/04\/17\/academico-internacional-da-inicio-a-primera-version-del-diplomado-cuerpo-juego-y-movimiento-aportes-en-psicomotricidad\/#breadcrumb","itemListElement":[{"@type":"ListItem","position":1,"name":"Portada","item":"https:\/\/educacion.udd.cl\/cima\/"},{"@type":"ListItem","position":2,"name":"Acad\u00e9mico internacional da inicio a primera versi\u00f3n del Diplomado Cuerpo, juego y movimiento: Aportes en Psicomotricidad"}]},{"@type":"WebSite","@id":"https:\/\/educacion.udd.cl\/cima\/#website","url":"https:\/\/educacion.udd.cl\/cima\/","name":"CIMA","description":"","inLanguage":"es"},{"@type":"Person","@id":"https:\/\/educacion.udd.cl\/cima\/#\/schema\/person\/3aefcae87945fe9ede94cc7f7cb5c1a7","name":"claudiagodia","image":{"@type":"ImageObject","inLanguage":"es","@id":"https:\/\/educacion.udd.cl\/cima\/#\/schema\/person\/image\/","url":"https:\/\/secure.gravatar.com\/avatar\/c7c585f20c9cd5b1fc8956abfd060f1af449288eb4e630466a5a53a84641a9ca?s=96&d=mm&r=g","contentUrl":"https:\/\/secure.gravatar.com\/avatar\/c7c585f20c9cd5b1fc8956abfd060f1af449288eb4e630466a5a53a84641a9ca?s=96&d=mm&r=g","caption":"claudiagodia"},"url":"https:\/\/educacion.udd.cl\/cima\/author\/claudiagodia\/"}]}},"featured_image_url":"https:\/\/educacion.udd.cl\/cima\/files\/2024\/04\/whatsapp-image-2024-04-24-at-11-26-01-11.jpeg","_links":{"self":[{"href":"https:\/\/educacion.udd.cl\/cima\/wp-json\/wp\/v2\/posts\/387","targetHints":{"allow":["GET"]}}],"collection":[{"href":"https:\/\/educacion.udd.cl\/cima\/wp-json\/wp\/v2\/posts"}],"about":[{"href":"https:\/\/educacion.udd.cl\/cima\/wp-json\/wp\/v2\/types\/post"}],"author":[{"embeddable":true,"href":"https:\/\/educacion.udd.cl\/cima\/wp-json\/wp\/v2\/users\/39"}],"replies":[{"embeddable":true,"href":"https:\/\/educacion.udd.cl\/cima\/wp-json\/wp\/v2\/comments?post=387"}],"version-history":[{"count":1,"href":"https:\/\/educacion.udd.cl\/cima\/wp-json\/wp\/v2\/posts\/387\/revisions"}],"predecessor-version":[{"id":399,"href":"https:\/\/educacion.udd.cl\/cima\/wp-json\/wp\/v2\/posts\/387\/revisions\/399"}],"wp:featuredmedia":[{"embeddable":true,"href":"https:\/\/educacion.udd.cl\/cima\/wp-json\/wp\/v2\/media\/390"}],"wp:attachment":[{"href":"https:\/\/educacion.udd.cl\/cima\/wp-json\/wp\/v2\/media?parent=387"}],"wp:term":[{"taxonomy":"category","embeddable":true,"href":"https:\/\/educacion.udd.cl\/cima\/wp-json\/wp\/v2\/categories?post=387"},{"taxonomy":"post_tag","embeddable":true,"href":"https:\/\/educacion.udd.cl\/cima\/wp-json\/wp\/v2\/tags?post=387"}],"curies":[{"name":"wp","href":"https:\/\/api.w.org\/{rel}","templated":true}]}}