{"id":327,"date":"2024-04-03T12:41:27","date_gmt":"2024-04-03T15:41:27","guid":{"rendered":"https:\/\/educacion.udd.cl\/cima\/?p=327"},"modified":"2024-04-04T12:44:59","modified_gmt":"2024-04-04T15:44:59","slug":"miembros-de-cima-difunden-investigaciones-en-ponencias-internacionales-y-revistas-academicas","status":"publish","type":"post","link":"https:\/\/educacion.udd.cl\/cima\/2024\/04\/03\/miembros-de-cima-difunden-investigaciones-en-ponencias-internacionales-y-revistas-academicas\/","title":{"rendered":"Miembros de CIMA difunden investigaciones en ponencias internacionales y revistas acad\u00e9micas"},"content":{"rendered":"\n<p><em>Durante los meses de verano representantes del Centro de Investigaci\u00f3n para la Mejora de los Aprendizajes (CIMA) participaron en diversas actividades acad\u00e9micas internacionales, adem\u00e1s de publicar sus investigaciones en reconocidas revistas del \u00e1rea de educaci\u00f3n.<\/em><\/p>\n\n\n\n<p>Con el objetivo de influir en la pol\u00edtica p\u00fablica y acercar la academia al aula, miembros del equipo de investigadores y acad\u00e9micos de CIMA de la Facultad de Educaci\u00f3n UDD participaron en m\u00faltiples congresos de investigaci\u00f3n.<\/p>\n\n\n\n<p>El investigador principal Pedro Vidal-Szab\u00f3, estuvo a cargo de la actividad inaugural de la I Escuela de Verano de Ense\u00f1anza de la Matem\u00e1tica de la Universidad de Costa Rica, con su ponencia \u201cLa Estad\u00edstica Temprana: un campo de acci\u00f3n e investigaci\u00f3n en desarrollo\u201d. <strong>\u00abEs importante seguir socializando los avances que ha tenido la Estad\u00edstica Temprana para que tanto profesores como ni\u00f1as y ni\u00f1os puedan desarrollar su pensamiento estad\u00edstico en los primeros a\u00f1os de formaci\u00f3n escolar\u00bb, explica el acad\u00e9mico.<\/strong><\/p>\n\n\n\n<p>Asimismo, el investigador asociado Christian Lazcano, particip\u00f3 en la Conferencia CIES 2024, realizada este a\u00f1o en Miami, Estados Unidos, presentando los resultados preliminares de un estudio comparativo sobre pr\u00e1cticas de liderazgo escolar. <strong>\u201cEstamos evaluando las diferencias entre Chile, Argentina, Colombia, M\u00e9xico, Shanghai y Jap\u00f3n respecto a la varianza entre escuelas en pr\u00e1cticas de liderazgo instruccional\u201d, explica Lazcano, agregando que \u201clos hallazgos preliminares muestran que algunas pr\u00e1cticas, como la participaci\u00f3n en las decisiones de la escuela, var\u00edan entre las instituciones chilen<\/strong>as, adem\u00e1s de notar que los pa\u00edses asi\u00e1ticos tienden a ser m\u00e1s homog\u00e9neos en la percepci\u00f3n respecto a sus pr\u00e1cticas de liderazgo que en Latinoam\u00e9rica\u201d.<\/p>\n\n\n<section class=\"wp-block-udd-gallery-carousel wp-carousel-gallery\">\n\t<div class=\"container\">\n\t\t<div\n\t\t\tclass=\"slick-carousel gallery-slick-carousel gallery-carousel--1\"\n\t\t\tdata-slick='{&quot;slidesToScroll&quot;:1,&quot;slidesToShow&quot;:1,&quot;appendDots&quot;:&quot;#dots-69f2cd4110041&quot;,&quot;prevArrow&quot;:&quot;&lt;button type=\\&quot;button\\&quot; class=\\&quot;btn btn-primary slick-prev\\&quot;&gt;&lt;svg class=\\&quot;svg-chevron-left-dims\\&quot;&gt;&lt;use xlink:href=&#039;https:\\\/\\\/educacion.udd.cl\\\/cima\\\/wp-content\\\/themes\\\/facultades-2018\\\/assets\\\/img\\\/svg\\\/dist\\\/main.svg?version=1695853099#chevron-left&#039;&gt;&lt;\\\/use&gt;&lt;\\\/svg&gt;&lt;span class=\\&quot;sr-only\\&quot;&gt;Anterior&lt;\\\/span&gt;&lt;\\\/button&gt;&quot;,&quot;nextArrow&quot;:&quot;&lt;button type=\\&quot;button\\&quot; class=\\&quot;btn btn-primary slick-next\\&quot;&gt;&lt;svg class=\\&quot;svg-chevron-right-dims\\&quot;&gt;&lt;use xlink:href=&#039;https:\\\/\\\/educacion.udd.cl\\\/cima\\\/wp-content\\\/themes\\\/facultades-2018\\\/assets\\\/img\\\/svg\\\/dist\\\/main.svg?version=1695853099#chevron-right&#039;&gt;&lt;\\\/use&gt;&lt;\\\/svg&gt;&lt;span class=\\&quot;sr-only\\&quot;&gt;Siguiente&lt;\\\/span&gt;&lt;\\\/button&gt;&quot;,&quot;infinite&quot;:true,&quot;dots&quot;:true}'\n\t\t>\n\t\t\t\t\t\t\t<figure>\n\t\t\t\t\t<img loading=\"lazy\" decoding=\"async\" width=\"1280\" height=\"595\" src=\"https:\/\/educacion.udd.cl\/cima\/wp-content\/plugins\/wp-async-img-load\/blank.png\" class=\"attachment-1280x720 size-1280x720 lazyload\" alt=\"\" sizes=\"auto, (max-width: 1280px) 100vw, 1280px\" data-src=\"https:\/\/educacion.udd.cl\/cima\/files\/2024\/04\/img-20240301-wa0006-1-e1712245472395.jpg\" data-srcset=\"https:\/\/educacion.udd.cl\/cima\/files\/2024\/04\/img-20240301-wa0006-1-e1712245472395.jpg 1280w, https:\/\/educacion.udd.cl\/cima\/files\/2024\/04\/img-20240301-wa0006-1-e1712245472395-300x139.jpg 300w, https:\/\/educacion.udd.cl\/cima\/files\/2024\/04\/img-20240301-wa0006-1-e1712245472395-1024x476.jpg 1024w, https:\/\/educacion.udd.cl\/cima\/files\/2024\/04\/img-20240301-wa0006-1-e1712245472395-768x357.jpg 768w\" \/>\t\t\t\t\t\t\t\t\t<\/figure>\n\t\t\t\t\t\t\t<figure>\n\t\t\t\t\t<img loading=\"lazy\" decoding=\"async\" width=\"1262\" height=\"616\" src=\"https:\/\/educacion.udd.cl\/cima\/wp-content\/plugins\/wp-async-img-load\/blank.png\" class=\"attachment-1280x720 size-1280x720 lazyload\" alt=\"\" sizes=\"auto, (max-width: 1262px) 100vw, 1262px\" data-src=\"https:\/\/educacion.udd.cl\/cima\/files\/2024\/04\/img-20240301-wa0023-1-e1712245440304.jpg\" data-srcset=\"https:\/\/educacion.udd.cl\/cima\/files\/2024\/04\/img-20240301-wa0023-1-e1712245440304.jpg 1262w, https:\/\/educacion.udd.cl\/cima\/files\/2024\/04\/img-20240301-wa0023-1-e1712245440304-300x146.jpg 300w, https:\/\/educacion.udd.cl\/cima\/files\/2024\/04\/img-20240301-wa0023-1-e1712245440304-1024x500.jpg 1024w, https:\/\/educacion.udd.cl\/cima\/files\/2024\/04\/img-20240301-wa0023-1-e1712245440304-768x375.jpg 768w\" \/>\t\t\t\t\t\t\t\t\t<\/figure>\n\t\t\t\t\t\t\t<figure>\n\t\t\t\t\t<img loading=\"lazy\" decoding=\"async\" width=\"540\" height=\"720\" src=\"https:\/\/educacion.udd.cl\/cima\/wp-content\/plugins\/wp-async-img-load\/blank.png\" class=\"attachment-1280x720 size-1280x720 lazyload\" alt=\"\" sizes=\"auto, (max-width: 540px) 100vw, 540px\" data-src=\"https:\/\/educacion.udd.cl\/cima\/files\/2024\/04\/whatsapp-image-2024-03-12-at-3-58-34-pm-1-1.jpeg\" data-srcset=\"https:\/\/educacion.udd.cl\/cima\/files\/2024\/04\/whatsapp-image-2024-03-12-at-3-58-34-pm-1-1.jpeg 960w, https:\/\/educacion.udd.cl\/cima\/files\/2024\/04\/whatsapp-image-2024-03-12-at-3-58-34-pm-1-1-225x300.jpeg 225w, https:\/\/educacion.udd.cl\/cima\/files\/2024\/04\/whatsapp-image-2024-03-12-at-3-58-34-pm-1-1-768x1024.jpeg 768w\" \/>\t\t\t\t\t\t\t\t\t<\/figure>\n\t\t\t\t\t\t\t<figure>\n\t\t\t\t\t<img loading=\"lazy\" decoding=\"async\" width=\"1154\" height=\"720\" src=\"https:\/\/educacion.udd.cl\/cima\/wp-content\/plugins\/wp-async-img-load\/blank.png\" class=\"attachment-1280x720 size-1280x720 lazyload\" alt=\"\" sizes=\"auto, (max-width: 1154px) 100vw, 1154px\" data-src=\"https:\/\/educacion.udd.cl\/cima\/files\/2024\/04\/whatsapp-image-2024-03-12-at-3-58-34-pm-2-e1712245455325.jpeg\" data-srcset=\"https:\/\/educacion.udd.cl\/cima\/files\/2024\/04\/whatsapp-image-2024-03-12-at-3-58-34-pm-2-e1712245455325.jpeg 1200w, https:\/\/educacion.udd.cl\/cima\/files\/2024\/04\/whatsapp-image-2024-03-12-at-3-58-34-pm-2-e1712245455325-300x187.jpeg 300w, https:\/\/educacion.udd.cl\/cima\/files\/2024\/04\/whatsapp-image-2024-03-12-at-3-58-34-pm-2-e1712245455325-1024x639.jpeg 1024w, https:\/\/educacion.udd.cl\/cima\/files\/2024\/04\/whatsapp-image-2024-03-12-at-3-58-34-pm-2-e1712245455325-768x479.jpeg 768w\" \/>\t\t\t\t\t\t\t\t\t<\/figure>\n\t\t\t\t\t\t\t<figure>\n\t\t\t\t\t<img loading=\"lazy\" decoding=\"async\" width=\"540\" height=\"720\" src=\"https:\/\/educacion.udd.cl\/cima\/wp-content\/plugins\/wp-async-img-load\/blank.png\" class=\"attachment-1280x720 size-1280x720 lazyload\" alt=\"\" sizes=\"auto, (max-width: 540px) 100vw, 540px\" data-src=\"https:\/\/educacion.udd.cl\/cima\/files\/2024\/04\/whatsapp-image-2024-03-12-at-3-58-35-pm-1.jpeg\" data-srcset=\"https:\/\/educacion.udd.cl\/cima\/files\/2024\/04\/whatsapp-image-2024-03-12-at-3-58-35-pm-1.jpeg 1200w, https:\/\/educacion.udd.cl\/cima\/files\/2024\/04\/whatsapp-image-2024-03-12-at-3-58-35-pm-1-225x300.jpeg 225w, https:\/\/educacion.udd.cl\/cima\/files\/2024\/04\/whatsapp-image-2024-03-12-at-3-58-35-pm-1-768x1024.jpeg 768w, https:\/\/educacion.udd.cl\/cima\/files\/2024\/04\/whatsapp-image-2024-03-12-at-3-58-35-pm-1-1152x1536.jpeg 1152w\" \/>\t\t\t\t\t\t\t\t\t<\/figure>\n\t\t\t\t\t<\/div>\n\t\t<div\n\t\t\tclass=\"carousel-gallery--carousel-dots\"\n\t\t\tid=\"dots-69f2cd4110041\"\n\t\t><\/div>\n\t<\/div>\n<\/section>\n\n\n\n<p>Por su parte, la directora acad\u00e9mica de CIMA, Montserrat Cubillos, comenta sobre su publicaci\u00f3n en la revista <em>Journal of Adolescent and Adult Literacy<\/em>, la cual da cuenta de un estudio exploratorio con estudiantes de s\u00e9ptimo, octavo, y primero medio.<strong> \u201cEl objetivo era incrementar la cantidad de lectura y motivaci\u00f3n lectora de estos estudiantes, a trav\u00e9s de varios cambios que se hicieron al formato del plan lector del colegio\u201d, explica la investigadora, agregando que \u201clos resultados mostraron que el programa fue muy exitoso para incrementar la cantidad de lectura, sin embargo, tambi\u00e9n dilucidaron que se requiere todav\u00eda m\u00e1s tiempo de intervenci\u00f3n para lograr cambios en sus niveles de motivaci\u00f3n\u201d.<\/strong><\/p>\n\n\n\n<p>Y finalmente, el investigador asociado Armando Rojas, public\u00f3 en la Revista Praxis Educativa, el art\u00edculo Colaboraci\u00f3n y distribuci\u00f3n del liderazgo: claves para la mejora en la educaci\u00f3n secundaria t\u00e9cnico profesional en Chile, el cual permite conocer pr\u00e1cticas de colaboraci\u00f3n efectivas que llevan a cabo liceos TP con buenas trayectorias de mejoramiento. <strong>\u201cEl objetivo era comprender la relaci\u00f3n entre estas pr\u00e1cticas de colaboraci\u00f3n, los patrones de liderazgo distribuido y la cultura de colaboraci\u00f3n en estos centros. Los resultados muestran una alta valoraci\u00f3n al trabajo colaborativo y a las pr\u00e1cticas de liderazgo distribuido en la gesti\u00f3n de estos establecimientos, y tanto directivos como docentes muestran una tendencia a pensar en la mejora como un proceso conjunto\u201d, explica el acad\u00e9mico.<\/strong><\/p>\n\n\n\n<p><strong>\u201cLas investigaciones publicadas y las ponencias presentadas por nuestros investigadores reflejan claramente dos de los objetivos de CIMA, influir en pol\u00edtica p\u00fablica y acercar la academia al aula\u201d, afirma Montserrat Cubillos, y agrega que \u201cestamos dando pasos firmes que nos acercan a nuestra visi\u00f3n de convertirnos en un referente en generar conocimiento que beneficie al sistema educacional chileno\u201d.<\/strong><\/p>\n","protected":false},"excerpt":{"rendered":"<p>Durante los meses de verano representantes del Centro de Investigaci\u00f3n para la Mejora de los Aprendizajes (CIMA) participaron en diversas actividades acad\u00e9micas internacionales, adem\u00e1s de publicar sus investigaciones en reconocidas revistas del \u00e1rea de educaci\u00f3n. Con el objetivo de influir en la pol\u00edtica p\u00fablica y acercar la academia al aula, miembros del equipo de investigadores [&hellip;]<\/p>\n","protected":false},"author":39,"featured_media":336,"comment_status":"closed","ping_status":"open","sticky":false,"template":"","format":"standard","meta":{"footnotes":""},"categories":[9],"tags":[],"class_list":["post-327","post","type-post","status-publish","format-standard","has-post-thumbnail","hentry","category-noticias"],"yoast_head":"<!-- This site is optimized with the Yoast SEO plugin v26.9 - https:\/\/yoast.com\/product\/yoast-seo-wordpress\/ -->\n<title>Miembros de CIMA difunden investigaciones en ponencias internacionales y revistas acad\u00e9micas - CIMA<\/title>\n<meta name=\"robots\" content=\"index, follow, max-snippet:-1, max-image-preview:large, max-video-preview:-1\" \/>\n<link rel=\"canonical\" href=\"https:\/\/educacion.udd.cl\/cima\/2024\/04\/03\/miembros-de-cima-difunden-investigaciones-en-ponencias-internacionales-y-revistas-academicas\/\" \/>\n<meta property=\"og:locale\" content=\"es_ES\" \/>\n<meta property=\"og:type\" content=\"article\" \/>\n<meta property=\"og:title\" content=\"Miembros de CIMA difunden investigaciones en ponencias internacionales y revistas acad\u00e9micas - CIMA\" \/>\n<meta property=\"og:description\" content=\"Durante los meses de verano representantes del Centro de Investigaci\u00f3n para la Mejora de los Aprendizajes (CIMA) participaron en diversas actividades acad\u00e9micas internacionales, adem\u00e1s de publicar sus investigaciones en reconocidas revistas del \u00e1rea de educaci\u00f3n. Con el objetivo de influir en la pol\u00edtica p\u00fablica y acercar la academia al aula, miembros del equipo de investigadores [&hellip;]\" \/>\n<meta property=\"og:url\" content=\"https:\/\/educacion.udd.cl\/cima\/2024\/04\/03\/miembros-de-cima-difunden-investigaciones-en-ponencias-internacionales-y-revistas-academicas\/\" \/>\n<meta property=\"og:site_name\" content=\"CIMA\" \/>\n<meta property=\"article:published_time\" content=\"2024-04-03T15:41:27+00:00\" \/>\n<meta property=\"article:modified_time\" content=\"2024-04-04T15:44:59+00:00\" \/>\n<meta property=\"og:image\" content=\"http:\/\/educacion.udd.cl\/cima\/files\/2024\/04\/whatsapp-image-2024-03-12-at-3-58-34-pm-1.jpeg\" \/>\n\t<meta property=\"og:image:width\" content=\"960\" \/>\n\t<meta property=\"og:image:height\" content=\"1280\" \/>\n\t<meta property=\"og:image:type\" content=\"image\/jpeg\" \/>\n<meta name=\"author\" content=\"claudiagodia\" \/>\n<meta name=\"twitter:card\" content=\"summary_large_image\" \/>\n<meta name=\"twitter:label1\" content=\"Escrito por\" \/>\n\t<meta name=\"twitter:data1\" content=\"claudiagodia\" \/>\n\t<meta name=\"twitter:label2\" content=\"Tiempo de lectura\" \/>\n\t<meta name=\"twitter:data2\" content=\"4 minutos\" \/>\n<script type=\"application\/ld+json\" class=\"yoast-schema-graph\">{\"@context\":\"https:\/\/schema.org\",\"@graph\":[{\"@type\":\"Article\",\"@id\":\"https:\/\/educacion.udd.cl\/cima\/2024\/04\/03\/miembros-de-cima-difunden-investigaciones-en-ponencias-internacionales-y-revistas-academicas\/#article\",\"isPartOf\":{\"@id\":\"https:\/\/educacion.udd.cl\/cima\/2024\/04\/03\/miembros-de-cima-difunden-investigaciones-en-ponencias-internacionales-y-revistas-academicas\/\"},\"author\":{\"name\":\"claudiagodia\",\"@id\":\"https:\/\/educacion.udd.cl\/cima\/#\/schema\/person\/3aefcae87945fe9ede94cc7f7cb5c1a7\"},\"headline\":\"Miembros de CIMA difunden investigaciones en ponencias internacionales y revistas acad\u00e9micas\",\"datePublished\":\"2024-04-03T15:41:27+00:00\",\"dateModified\":\"2024-04-04T15:44:59+00:00\",\"mainEntityOfPage\":{\"@id\":\"https:\/\/educacion.udd.cl\/cima\/2024\/04\/03\/miembros-de-cima-difunden-investigaciones-en-ponencias-internacionales-y-revistas-academicas\/\"},\"wordCount\":613,\"image\":{\"@id\":\"https:\/\/educacion.udd.cl\/cima\/2024\/04\/03\/miembros-de-cima-difunden-investigaciones-en-ponencias-internacionales-y-revistas-academicas\/#primaryimage\"},\"thumbnailUrl\":\"https:\/\/educacion.udd.cl\/cima\/files\/2024\/04\/whatsapp-image-2024-03-12-at-3-58-34-pm-1.jpeg\",\"articleSection\":[\"noticias\"],\"inLanguage\":\"es\"},{\"@type\":\"WebPage\",\"@id\":\"https:\/\/educacion.udd.cl\/cima\/2024\/04\/03\/miembros-de-cima-difunden-investigaciones-en-ponencias-internacionales-y-revistas-academicas\/\",\"url\":\"https:\/\/educacion.udd.cl\/cima\/2024\/04\/03\/miembros-de-cima-difunden-investigaciones-en-ponencias-internacionales-y-revistas-academicas\/\",\"name\":\"Miembros de CIMA difunden investigaciones en ponencias internacionales y revistas acad\u00e9micas - CIMA\",\"isPartOf\":{\"@id\":\"https:\/\/educacion.udd.cl\/cima\/#website\"},\"primaryImageOfPage\":{\"@id\":\"https:\/\/educacion.udd.cl\/cima\/2024\/04\/03\/miembros-de-cima-difunden-investigaciones-en-ponencias-internacionales-y-revistas-academicas\/#primaryimage\"},\"image\":{\"@id\":\"https:\/\/educacion.udd.cl\/cima\/2024\/04\/03\/miembros-de-cima-difunden-investigaciones-en-ponencias-internacionales-y-revistas-academicas\/#primaryimage\"},\"thumbnailUrl\":\"https:\/\/educacion.udd.cl\/cima\/files\/2024\/04\/whatsapp-image-2024-03-12-at-3-58-34-pm-1.jpeg\",\"datePublished\":\"2024-04-03T15:41:27+00:00\",\"dateModified\":\"2024-04-04T15:44:59+00:00\",\"author\":{\"@id\":\"https:\/\/educacion.udd.cl\/cima\/#\/schema\/person\/3aefcae87945fe9ede94cc7f7cb5c1a7\"},\"breadcrumb\":{\"@id\":\"https:\/\/educacion.udd.cl\/cima\/2024\/04\/03\/miembros-de-cima-difunden-investigaciones-en-ponencias-internacionales-y-revistas-academicas\/#breadcrumb\"},\"inLanguage\":\"es\",\"potentialAction\":[{\"@type\":\"ReadAction\",\"target\":[\"https:\/\/educacion.udd.cl\/cima\/2024\/04\/03\/miembros-de-cima-difunden-investigaciones-en-ponencias-internacionales-y-revistas-academicas\/\"]}]},{\"@type\":\"ImageObject\",\"inLanguage\":\"es\",\"@id\":\"https:\/\/educacion.udd.cl\/cima\/2024\/04\/03\/miembros-de-cima-difunden-investigaciones-en-ponencias-internacionales-y-revistas-academicas\/#primaryimage\",\"url\":\"https:\/\/educacion.udd.cl\/cima\/files\/2024\/04\/whatsapp-image-2024-03-12-at-3-58-34-pm-1.jpeg\",\"contentUrl\":\"https:\/\/educacion.udd.cl\/cima\/files\/2024\/04\/whatsapp-image-2024-03-12-at-3-58-34-pm-1.jpeg\",\"width\":960,\"height\":1280},{\"@type\":\"BreadcrumbList\",\"@id\":\"https:\/\/educacion.udd.cl\/cima\/2024\/04\/03\/miembros-de-cima-difunden-investigaciones-en-ponencias-internacionales-y-revistas-academicas\/#breadcrumb\",\"itemListElement\":[{\"@type\":\"ListItem\",\"position\":1,\"name\":\"Portada\",\"item\":\"https:\/\/educacion.udd.cl\/cima\/\"},{\"@type\":\"ListItem\",\"position\":2,\"name\":\"Miembros de CIMA difunden investigaciones en ponencias internacionales y revistas acad\u00e9micas\"}]},{\"@type\":\"WebSite\",\"@id\":\"https:\/\/educacion.udd.cl\/cima\/#website\",\"url\":\"https:\/\/educacion.udd.cl\/cima\/\",\"name\":\"CIMA\",\"description\":\"\",\"inLanguage\":\"es\"},{\"@type\":\"Person\",\"@id\":\"https:\/\/educacion.udd.cl\/cima\/#\/schema\/person\/3aefcae87945fe9ede94cc7f7cb5c1a7\",\"name\":\"claudiagodia\",\"image\":{\"@type\":\"ImageObject\",\"inLanguage\":\"es\",\"@id\":\"https:\/\/educacion.udd.cl\/cima\/#\/schema\/person\/image\/\",\"url\":\"https:\/\/secure.gravatar.com\/avatar\/c7c585f20c9cd5b1fc8956abfd060f1af449288eb4e630466a5a53a84641a9ca?s=96&d=mm&r=g\",\"contentUrl\":\"https:\/\/secure.gravatar.com\/avatar\/c7c585f20c9cd5b1fc8956abfd060f1af449288eb4e630466a5a53a84641a9ca?s=96&d=mm&r=g\",\"caption\":\"claudiagodia\"},\"url\":\"https:\/\/educacion.udd.cl\/cima\/author\/claudiagodia\/\"}]}<\/script>\n<!-- \/ Yoast SEO plugin. -->","yoast_head_json":{"title":"Miembros de CIMA difunden investigaciones en ponencias internacionales y revistas acad\u00e9micas - CIMA","robots":{"index":"index","follow":"follow","max-snippet":"max-snippet:-1","max-image-preview":"max-image-preview:large","max-video-preview":"max-video-preview:-1"},"canonical":"https:\/\/educacion.udd.cl\/cima\/2024\/04\/03\/miembros-de-cima-difunden-investigaciones-en-ponencias-internacionales-y-revistas-academicas\/","og_locale":"es_ES","og_type":"article","og_title":"Miembros de CIMA difunden investigaciones en ponencias internacionales y revistas acad\u00e9micas - CIMA","og_description":"Durante los meses de verano representantes del Centro de Investigaci\u00f3n para la Mejora de los Aprendizajes (CIMA) participaron en diversas actividades acad\u00e9micas internacionales, adem\u00e1s de publicar sus investigaciones en reconocidas revistas del \u00e1rea de educaci\u00f3n. Con el objetivo de influir en la pol\u00edtica p\u00fablica y acercar la academia al aula, miembros del equipo de investigadores [&hellip;]","og_url":"https:\/\/educacion.udd.cl\/cima\/2024\/04\/03\/miembros-de-cima-difunden-investigaciones-en-ponencias-internacionales-y-revistas-academicas\/","og_site_name":"CIMA","article_published_time":"2024-04-03T15:41:27+00:00","article_modified_time":"2024-04-04T15:44:59+00:00","og_image":[{"width":960,"height":1280,"url":"http:\/\/educacion.udd.cl\/cima\/files\/2024\/04\/whatsapp-image-2024-03-12-at-3-58-34-pm-1.jpeg","type":"image\/jpeg"}],"author":"claudiagodia","twitter_card":"summary_large_image","twitter_misc":{"Escrito por":"claudiagodia","Tiempo de lectura":"4 minutos"},"schema":{"@context":"https:\/\/schema.org","@graph":[{"@type":"Article","@id":"https:\/\/educacion.udd.cl\/cima\/2024\/04\/03\/miembros-de-cima-difunden-investigaciones-en-ponencias-internacionales-y-revistas-academicas\/#article","isPartOf":{"@id":"https:\/\/educacion.udd.cl\/cima\/2024\/04\/03\/miembros-de-cima-difunden-investigaciones-en-ponencias-internacionales-y-revistas-academicas\/"},"author":{"name":"claudiagodia","@id":"https:\/\/educacion.udd.cl\/cima\/#\/schema\/person\/3aefcae87945fe9ede94cc7f7cb5c1a7"},"headline":"Miembros de CIMA difunden investigaciones en ponencias internacionales y revistas acad\u00e9micas","datePublished":"2024-04-03T15:41:27+00:00","dateModified":"2024-04-04T15:44:59+00:00","mainEntityOfPage":{"@id":"https:\/\/educacion.udd.cl\/cima\/2024\/04\/03\/miembros-de-cima-difunden-investigaciones-en-ponencias-internacionales-y-revistas-academicas\/"},"wordCount":613,"image":{"@id":"https:\/\/educacion.udd.cl\/cima\/2024\/04\/03\/miembros-de-cima-difunden-investigaciones-en-ponencias-internacionales-y-revistas-academicas\/#primaryimage"},"thumbnailUrl":"https:\/\/educacion.udd.cl\/cima\/files\/2024\/04\/whatsapp-image-2024-03-12-at-3-58-34-pm-1.jpeg","articleSection":["noticias"],"inLanguage":"es"},{"@type":"WebPage","@id":"https:\/\/educacion.udd.cl\/cima\/2024\/04\/03\/miembros-de-cima-difunden-investigaciones-en-ponencias-internacionales-y-revistas-academicas\/","url":"https:\/\/educacion.udd.cl\/cima\/2024\/04\/03\/miembros-de-cima-difunden-investigaciones-en-ponencias-internacionales-y-revistas-academicas\/","name":"Miembros de CIMA difunden investigaciones en ponencias internacionales y revistas acad\u00e9micas - CIMA","isPartOf":{"@id":"https:\/\/educacion.udd.cl\/cima\/#website"},"primaryImageOfPage":{"@id":"https:\/\/educacion.udd.cl\/cima\/2024\/04\/03\/miembros-de-cima-difunden-investigaciones-en-ponencias-internacionales-y-revistas-academicas\/#primaryimage"},"image":{"@id":"https:\/\/educacion.udd.cl\/cima\/2024\/04\/03\/miembros-de-cima-difunden-investigaciones-en-ponencias-internacionales-y-revistas-academicas\/#primaryimage"},"thumbnailUrl":"https:\/\/educacion.udd.cl\/cima\/files\/2024\/04\/whatsapp-image-2024-03-12-at-3-58-34-pm-1.jpeg","datePublished":"2024-04-03T15:41:27+00:00","dateModified":"2024-04-04T15:44:59+00:00","author":{"@id":"https:\/\/educacion.udd.cl\/cima\/#\/schema\/person\/3aefcae87945fe9ede94cc7f7cb5c1a7"},"breadcrumb":{"@id":"https:\/\/educacion.udd.cl\/cima\/2024\/04\/03\/miembros-de-cima-difunden-investigaciones-en-ponencias-internacionales-y-revistas-academicas\/#breadcrumb"},"inLanguage":"es","potentialAction":[{"@type":"ReadAction","target":["https:\/\/educacion.udd.cl\/cima\/2024\/04\/03\/miembros-de-cima-difunden-investigaciones-en-ponencias-internacionales-y-revistas-academicas\/"]}]},{"@type":"ImageObject","inLanguage":"es","@id":"https:\/\/educacion.udd.cl\/cima\/2024\/04\/03\/miembros-de-cima-difunden-investigaciones-en-ponencias-internacionales-y-revistas-academicas\/#primaryimage","url":"https:\/\/educacion.udd.cl\/cima\/files\/2024\/04\/whatsapp-image-2024-03-12-at-3-58-34-pm-1.jpeg","contentUrl":"https:\/\/educacion.udd.cl\/cima\/files\/2024\/04\/whatsapp-image-2024-03-12-at-3-58-34-pm-1.jpeg","width":960,"height":1280},{"@type":"BreadcrumbList","@id":"https:\/\/educacion.udd.cl\/cima\/2024\/04\/03\/miembros-de-cima-difunden-investigaciones-en-ponencias-internacionales-y-revistas-academicas\/#breadcrumb","itemListElement":[{"@type":"ListItem","position":1,"name":"Portada","item":"https:\/\/educacion.udd.cl\/cima\/"},{"@type":"ListItem","position":2,"name":"Miembros de CIMA difunden investigaciones en ponencias internacionales y revistas acad\u00e9micas"}]},{"@type":"WebSite","@id":"https:\/\/educacion.udd.cl\/cima\/#website","url":"https:\/\/educacion.udd.cl\/cima\/","name":"CIMA","description":"","inLanguage":"es"},{"@type":"Person","@id":"https:\/\/educacion.udd.cl\/cima\/#\/schema\/person\/3aefcae87945fe9ede94cc7f7cb5c1a7","name":"claudiagodia","image":{"@type":"ImageObject","inLanguage":"es","@id":"https:\/\/educacion.udd.cl\/cima\/#\/schema\/person\/image\/","url":"https:\/\/secure.gravatar.com\/avatar\/c7c585f20c9cd5b1fc8956abfd060f1af449288eb4e630466a5a53a84641a9ca?s=96&d=mm&r=g","contentUrl":"https:\/\/secure.gravatar.com\/avatar\/c7c585f20c9cd5b1fc8956abfd060f1af449288eb4e630466a5a53a84641a9ca?s=96&d=mm&r=g","caption":"claudiagodia"},"url":"https:\/\/educacion.udd.cl\/cima\/author\/claudiagodia\/"}]}},"featured_image_url":"https:\/\/educacion.udd.cl\/cima\/files\/2024\/04\/whatsapp-image-2024-03-12-at-3-58-34-pm-1.jpeg","_links":{"self":[{"href":"https:\/\/educacion.udd.cl\/cima\/wp-json\/wp\/v2\/posts\/327","targetHints":{"allow":["GET"]}}],"collection":[{"href":"https:\/\/educacion.udd.cl\/cima\/wp-json\/wp\/v2\/posts"}],"about":[{"href":"https:\/\/educacion.udd.cl\/cima\/wp-json\/wp\/v2\/types\/post"}],"author":[{"embeddable":true,"href":"https:\/\/educacion.udd.cl\/cima\/wp-json\/wp\/v2\/users\/39"}],"replies":[{"embeddable":true,"href":"https:\/\/educacion.udd.cl\/cima\/wp-json\/wp\/v2\/comments?post=327"}],"version-history":[{"count":2,"href":"https:\/\/educacion.udd.cl\/cima\/wp-json\/wp\/v2\/posts\/327\/revisions"}],"predecessor-version":[{"id":369,"href":"https:\/\/educacion.udd.cl\/cima\/wp-json\/wp\/v2\/posts\/327\/revisions\/369"}],"wp:featuredmedia":[{"embeddable":true,"href":"https:\/\/educacion.udd.cl\/cima\/wp-json\/wp\/v2\/media\/336"}],"wp:attachment":[{"href":"https:\/\/educacion.udd.cl\/cima\/wp-json\/wp\/v2\/media?parent=327"}],"wp:term":[{"taxonomy":"category","embeddable":true,"href":"https:\/\/educacion.udd.cl\/cima\/wp-json\/wp\/v2\/categories?post=327"},{"taxonomy":"post_tag","embeddable":true,"href":"https:\/\/educacion.udd.cl\/cima\/wp-json\/wp\/v2\/tags?post=327"}],"curies":[{"name":"wp","href":"https:\/\/api.w.org\/{rel}","templated":true}]}}